{"id":854,"date":"2024-06-02T21:40:42","date_gmt":"2024-06-02T20:40:42","guid":{"rendered":"https:\/\/repaircafebudapest.hu\/?p=854"},"modified":"2026-01-13T08:47:37","modified_gmt":"2026-01-13T07:47:37","slug":"civil-dijat-nyertunk","status":"publish","type":"post","link":"https:\/\/repaircafebudapest.hu\/en\/civil-dijat-nyertunk\/","title":{"rendered":"Civil D\u00edjat nyert\u00fcnk"},"content":{"rendered":"<p><strong>A hazai civil szervezetek, b\u00e1r sokszor nehez\u00edtett p\u00e1ly\u00e1n mozognak, eredm\u00e9nyeikkel nagy hat\u00e1ssal vannak kisebb-nagyobb k\u00f6z\u00f6ss\u00e9gek, vagy ak\u00e1r eg\u00e9sz telep\u00fcl\u00e9sek \u00e9let\u00e9re.\u00a0 A NIOK Alap\u00edtv\u00e1ny id\u00e9n is kiosztotta a Civil D\u00edjakat 10 kateg\u00f3ri\u00e1ban, hogy elismerje azokat a civil szervezeteket, akik az elm\u00falt \u00e9vben p\u00f3tolhatatlan munk\u00e1t v\u00e9geztek, jobb\u00e1 t\u00e9ve az \u00e9let sz\u00e1mos ter\u00fclet\u00e9t. <\/strong><\/p>\n<p>&nbsp;<\/p>\n<p>A civilek munk\u00e1ja sokszor l\u00e1thatatlanul sz\u00f6vi \u00e1t a mindennapjainkat, \u00f3ri\u00e1si terheket vesznek le terheket a t\u00e1rsadalom \u00e9s a korm\u00e1nyzat v\u00e1ll\u00e1r\u00f3l &#8211; legyen sz\u00f3 t\u00f6bbek k\u00f6z\u00f6tt szoci\u00e1lis ell\u00e1t\u00e1sr\u00f3l, k\u00f6rnyezetv\u00e9delemr\u0151l, jogv\u00e9delemr\u0151l. A civil szervezetek a r\u00e1szorul\u00f3k k\u00f6zvetlen t\u00e1mogat\u00e1sa mellett vid\u00e9ki \u00e9s v\u00e1rosi k\u00f6z\u00f6ss\u00e9geket \u00e9p\u00edtenek, vagy \u00e9ppen ki\u00e1llnak a mindannyiunkat megillet\u0151 emberi jogok\u00e9rt. A Civil D\u00edj c\u00e9lja minden \u00e9vben megtal\u00e1lni \u00e9s elismerni p\u00e9lda\u00e9rt\u00e9k\u0171 kezdem\u00e9nyez\u00e9seket, \u00e9s seg\u00edteni, hogy min\u00e9l t\u00f6bb emberhez eljusson a h\u00edr\u00fck.<\/p>\n<p>&nbsp;<\/p>\n<p>A Civil D\u00edjakat minden \u00e9vben nyilv\u00e1nos p\u00e1ly\u00e1zati szakaszt k\u00f6vet\u0151en szakmai zs\u0171ri \u00edt\u00e9li oda t\u00f6bb kateg\u00f3ri\u00e1ban. A zs\u0171ri tagjai k\u00f6z\u00f6tt civil szervezetek kiemelked\u0151 k\u00e9pvisel\u0151i, civil \u00fcgyek ir\u00e1nt elk\u00f6telezett neves v\u00e1llalati szakemberek, valamint id\u00e9n el\u0151sz\u00f6r kor\u00e1bbi d\u00edjazott szervezetek vezet\u0151i kaptak helyet.<\/p>\n<p>&nbsp;<\/p>\n<p>Az idei \u00e9vben 170 jobbn\u00e1l jobb p\u00e1ly\u00e1zat \u00e9rkezett be, amelyek k\u00f6z\u00fcl a zs\u0171ri els\u0151 k\u00f6rben 8 szakmai kateg\u00f3ri\u00e1ban \u00f6sszesen 27-et juttatott a d\u00f6nt\u0151be, majd v\u00e1lasztotta ki a szakmai kateg\u00f3ri\u00e1k nyerteseit. Emellett minden d\u00f6nt\u0151be jutott szervezet a nyilv\u00e1nos online k\u00f6z\u00f6ns\u00e9gszavaz\u00e1son is r\u00e9szt vett.<\/p>\n<p>&nbsp;<\/p>\n<h2><strong>Legjobb helyi kezdem\u00e9nyez\u00e9s kateg\u00f3ri\u00e1ban a Repair Cafe Budapest: K\u00f6z\u00f6ss\u00e9gi szerelde \u00e9rte el az els\u0151 helyet.<\/strong><\/h2>\n<p><img fetchpriority=\"high\" decoding=\"async\" class=\"size-full wp-image-863\" src=\"https:\/\/repaircafebudapest.hu\/wp-content\/uploads\/2024\/06\/civil_dij_2024_lud_marton_niok_alapitvany.webp\" alt=\"Civil D\u00edj - Legjobb helyi kezdem\u00e9nyez\u00e9s\" width=\"1280\" height=\"853\" srcset=\"https:\/\/repaircafebudapest.hu\/wp-content\/uploads\/2024\/06\/civil_dij_2024_lud_marton_niok_alapitvany.webp 1280w, https:\/\/repaircafebudapest.hu\/wp-content\/uploads\/2024\/06\/civil_dij_2024_lud_marton_niok_alapitvany-300x200.webp 300w, https:\/\/repaircafebudapest.hu\/wp-content\/uploads\/2024\/06\/civil_dij_2024_lud_marton_niok_alapitvany-1024x682.webp 1024w, https:\/\/repaircafebudapest.hu\/wp-content\/uploads\/2024\/06\/civil_dij_2024_lud_marton_niok_alapitvany-768x512.webp 768w, https:\/\/repaircafebudapest.hu\/wp-content\/uploads\/2024\/06\/civil_dij_2024_lud_marton_niok_alapitvany-18x12.webp 18w\" sizes=\"(max-width: 1280px) 100vw, 1280px\" \/><\/p>\n<p>&nbsp;<\/p>\n<p><em>\u201cFontosnak tartjuk, hogy \u00e9vr\u0151l \u00e9vre d\u00edjazzuk \u00e9s megmutassuk a civilek munk\u00e1j\u00e1t a sz\u00e9lesebb k\u00f6z\u00f6ns\u00e9g sz\u00e1m\u00e1ra is, hiszen elengedhetetlen, hogy mag\u00e1nemberek is elk\u00f6telez\u0151djenek a kezdem\u00e9nyez\u00e9sek mellett, hogy azok a k\u00f6z\u00f6ss\u00e9g t\u00e1mogat\u00e1s\u00e1val meger\u0151s\u00f6dve m\u00e9g hat\u00e9konyabban m\u0171k\u00f6dhessenek\u201d<\/em>, mondta el Scheili Ren\u00e1ta a NIOK Alap\u00edtv\u00e1ny munkat\u00e1rsa, a Civil D\u00edj program vezet\u0151je.<\/p>\n<p>A g\u00e1l\u00e1n besz\u00e9det mondott az Erste Social Banking vezet\u0151je, Szalay Orsolya, aki a civileket \u00e9s a seg\u00edt\u0151 szervezeteket k\u00f6t\u00f6tte \u00f6ssze az Erste kult\u00fara \u00e9rt\u00e9keivel: a bizalommal, t\u00f6r\u0151d\u00e9ssel, folyamatos fejl\u0151d\u00e9s ig\u00e9ny\u00e9vel, az egy\u00fcttm\u0171k\u00f6d\u00e9s erej\u00e9vel \u00e9s a szenved\u00e9llyel, amivel az Erste \u00e9s a Civil D\u00edjra nevez\u0151 civil szervezetek is v\u00e9gzik a munk\u00e1jukat. Kiemelte, hogy ez az \u00e9rt\u00e9krend vezeti egym\u00e1shoz az Erst\u00e9t mint f\u0151t\u00e1mogat\u00f3t \u00e9s a civil szervezeteket.<\/p>\n<p>&nbsp;<\/p>","protected":false},"excerpt":{"rendered":"<p>A hazai civil szervezetek, b\u00e1r sokszor nehez\u00edtett p\u00e1ly\u00e1n mozognak, eredm\u00e9nyeikkel nagy hat\u00e1ssal vannak kisebb-nagyobb k\u00f6z\u00f6ss\u00e9gek, vagy ak\u00e1r eg\u00e9sz telep\u00fcl\u00e9sek \u00e9let\u00e9re.\u00a0 A NIOK Alap\u00edtv\u00e1ny id\u00e9n is kiosztotta a Civil D\u00edjakat 10 kateg\u00f3ri\u00e1ban, hogy elismerje azokat a civil szervezeteket, akik az elm\u00falt \u00e9vben p\u00f3tolhatatlan munk\u00e1t v\u00e9geztek, jobb\u00e1 t\u00e9ve az \u00e9let sz\u00e1mos ter\u00fclet\u00e9t. &nbsp; A civilek munk\u00e1ja sokszor [&hellip;]<\/p>\n","protected":false},"author":1,"featured_media":851,"comment_status":"closed","ping_status":"open","sticky":false,"template":"","format":"standard","meta":{"_acf_changed":false,"footnotes":""},"categories":[104],"tags":[105],"class_list":["post-854","post","type-post","status-publish","format-standard","has-post-thumbnail","hentry","category-eredmenyek","tag-civil-dij"],"acf":[],"yoast_head":"<!-- This site is optimized with the Yoast SEO Premium plugin v27.4 (Yoast SEO v27.4) - https:\/\/yoast.com\/product\/yoast-seo-premium-wordpress\/ -->\n<title>Civil D\u00edjat nyert\u00fcnk - Repair Cafe Budapest<\/title>\n<meta name=\"description\" content=\"Civil D\u00edjat nyert a Legjobb helyi kezdem\u00e9nyez\u00e9s kateg\u00f3ri\u00e1ban a Repair Cafe Budapest: K\u00f6z\u00f6ss\u00e9gi szerelde 2024-ben.\" \/>\n<meta name=\"robots\" content=\"index, follow, max-snippet:-1, max-image-preview:large, max-video-preview:-1\" \/>\n<link rel=\"canonical\" href=\"https:\/\/repaircafebudapest.hu\/en\/civil-dijat-nyertunk\/\" \/>\n<meta property=\"og:locale\" content=\"en_GB\" \/>\n<meta property=\"og:type\" content=\"article\" \/>\n<meta property=\"og:title\" content=\"Civil D\u00edjat nyert\u00fcnk\" \/>\n<meta property=\"og:description\" content=\"Civil D\u00edjat nyert a Legjobb helyi kezdem\u00e9nyez\u00e9s kateg\u00f3ri\u00e1ban a Repair Cafe Budapest: K\u00f6z\u00f6ss\u00e9gi szerelde 2024-ben.\" \/>\n<meta property=\"og:url\" content=\"https:\/\/repaircafebudapest.hu\/en\/civil-dijat-nyertunk\/\" \/>\n<meta property=\"og:site_name\" content=\"Repair Cafe Budapest\" \/>\n<meta property=\"article:publisher\" content=\"https:\/\/www.facebook.com\/profile.php?id=61552754066692&amp;locale=hu_HU\" \/>\n<meta property=\"article:published_time\" content=\"2024-06-02T20:40:42+00:00\" \/>\n<meta property=\"article:modified_time\" content=\"2026-01-13T07:47:37+00:00\" \/>\n<meta property=\"og:image\" content=\"https:\/\/repaircafebudapest.hu\/wp-content\/uploads\/2023\/09\/CIVIL_DIJ_2024_KATEGORIALOGO_CMYK_20240506_V01-18-1.webp\" \/>\n\t<meta property=\"og:image:width\" content=\"571\" \/>\n\t<meta property=\"og:image:height\" content=\"551\" \/>\n\t<meta property=\"og:image:type\" content=\"image\/webp\" \/>\n<meta name=\"author\" content=\"admin\" \/>\n<meta name=\"twitter:card\" content=\"summary_large_image\" \/>\n<meta name=\"twitter:label1\" content=\"Written by\" \/>\n\t<meta name=\"twitter:data1\" content=\"admin\" \/>\n\t<meta name=\"twitter:label2\" content=\"Estimated reading time\" \/>\n\t<meta name=\"twitter:data2\" content=\"3 minutes\" \/>\n<script type=\"application\/ld+json\" class=\"yoast-schema-graph\">{\"@context\":\"https:\\\/\\\/schema.org\",\"@graph\":[{\"@type\":\"Article\",\"@id\":\"https:\\\/\\\/repaircafebudapest.hu\\\/civil-dijat-nyertunk\\\/#article\",\"isPartOf\":{\"@id\":\"https:\\\/\\\/repaircafebudapest.hu\\\/civil-dijat-nyertunk\\\/\"},\"author\":{\"name\":\"admin\",\"@id\":\"https:\\\/\\\/repaircafebudapest.hu\\\/#\\\/schema\\\/person\\\/ae0662ecc97cf2fe1fc2ee119636123a\"},\"headline\":\"Civil D\u00edjat nyert\u00fcnk\",\"datePublished\":\"2024-06-02T20:40:42+00:00\",\"dateModified\":\"2026-01-13T07:47:37+00:00\",\"mainEntityOfPage\":{\"@id\":\"https:\\\/\\\/repaircafebudapest.hu\\\/civil-dijat-nyertunk\\\/\"},\"wordCount\":529,\"publisher\":{\"@id\":\"https:\\\/\\\/repaircafebudapest.hu\\\/#organization\"},\"image\":{\"@id\":\"https:\\\/\\\/repaircafebudapest.hu\\\/civil-dijat-nyertunk\\\/#primaryimage\"},\"thumbnailUrl\":\"https:\\\/\\\/repaircafebudapest.hu\\\/wp-content\\\/uploads\\\/2023\\\/09\\\/CIVIL_DIJ_2024_KATEGORIALOGO_CMYK_20240506_V01-18-1.webp\",\"keywords\":[\"Civil D\u00edj\"],\"articleSection\":[\"Eredm\u00e9nyek\"],\"inLanguage\":\"en-GB\"},{\"@type\":\"WebPage\",\"@id\":\"https:\\\/\\\/repaircafebudapest.hu\\\/civil-dijat-nyertunk\\\/\",\"url\":\"https:\\\/\\\/repaircafebudapest.hu\\\/civil-dijat-nyertunk\\\/\",\"name\":\"Civil D\u00edjat nyert\u00fcnk - Repair Cafe Budapest\",\"isPartOf\":{\"@id\":\"https:\\\/\\\/repaircafebudapest.hu\\\/#website\"},\"primaryImageOfPage\":{\"@id\":\"https:\\\/\\\/repaircafebudapest.hu\\\/civil-dijat-nyertunk\\\/#primaryimage\"},\"image\":{\"@id\":\"https:\\\/\\\/repaircafebudapest.hu\\\/civil-dijat-nyertunk\\\/#primaryimage\"},\"thumbnailUrl\":\"https:\\\/\\\/repaircafebudapest.hu\\\/wp-content\\\/uploads\\\/2023\\\/09\\\/CIVIL_DIJ_2024_KATEGORIALOGO_CMYK_20240506_V01-18-1.webp\",\"datePublished\":\"2024-06-02T20:40:42+00:00\",\"dateModified\":\"2026-01-13T07:47:37+00:00\",\"description\":\"Civil D\u00edjat nyert a Legjobb helyi kezdem\u00e9nyez\u00e9s kateg\u00f3ri\u00e1ban a Repair Cafe Budapest: K\u00f6z\u00f6ss\u00e9gi szerelde 2024-ben.\",\"breadcrumb\":{\"@id\":\"https:\\\/\\\/repaircafebudapest.hu\\\/civil-dijat-nyertunk\\\/#breadcrumb\"},\"inLanguage\":\"en-GB\",\"potentialAction\":[{\"@type\":\"ReadAction\",\"target\":[\"https:\\\/\\\/repaircafebudapest.hu\\\/civil-dijat-nyertunk\\\/\"]}]},{\"@type\":\"ImageObject\",\"inLanguage\":\"en-GB\",\"@id\":\"https:\\\/\\\/repaircafebudapest.hu\\\/civil-dijat-nyertunk\\\/#primaryimage\",\"url\":\"https:\\\/\\\/repaircafebudapest.hu\\\/wp-content\\\/uploads\\\/2023\\\/09\\\/CIVIL_DIJ_2024_KATEGORIALOGO_CMYK_20240506_V01-18-1.webp\",\"contentUrl\":\"https:\\\/\\\/repaircafebudapest.hu\\\/wp-content\\\/uploads\\\/2023\\\/09\\\/CIVIL_DIJ_2024_KATEGORIALOGO_CMYK_20240506_V01-18-1.webp\",\"width\":571,\"height\":551,\"caption\":\"Civil D\u00edj - Legjobb helyi kezdem\u00e9nyez\u00e9s\"},{\"@type\":\"BreadcrumbList\",\"@id\":\"https:\\\/\\\/repaircafebudapest.hu\\\/civil-dijat-nyertunk\\\/#breadcrumb\",\"itemListElement\":[{\"@type\":\"ListItem\",\"position\":1,\"name\":\"Kezd\u0151lap\",\"item\":\"https:\\\/\\\/repaircafebudapest.hu\\\/\"},{\"@type\":\"ListItem\",\"position\":2,\"name\":\"Civil D\u00edjat nyert\u00fcnk\"}]},{\"@type\":\"WebSite\",\"@id\":\"https:\\\/\\\/repaircafebudapest.hu\\\/#website\",\"url\":\"https:\\\/\\\/repaircafebudapest.hu\\\/\",\"name\":\"Repair Cafe Budapest\",\"description\":\"Repair Cafe Budapest\",\"publisher\":{\"@id\":\"https:\\\/\\\/repaircafebudapest.hu\\\/#organization\"},\"potentialAction\":[{\"@type\":\"SearchAction\",\"target\":{\"@type\":\"EntryPoint\",\"urlTemplate\":\"https:\\\/\\\/repaircafebudapest.hu\\\/?s={search_term_string}\"},\"query-input\":{\"@type\":\"PropertyValueSpecification\",\"valueRequired\":true,\"valueName\":\"search_term_string\"}}],\"inLanguage\":\"en-GB\"},{\"@type\":\"Organization\",\"@id\":\"https:\\\/\\\/repaircafebudapest.hu\\\/#organization\",\"name\":\"Repair Cafe Budapest\",\"url\":\"https:\\\/\\\/repaircafebudapest.hu\\\/\",\"logo\":{\"@type\":\"ImageObject\",\"inLanguage\":\"en-GB\",\"@id\":\"https:\\\/\\\/repaircafebudapest.hu\\\/#\\\/schema\\\/logo\\\/image\\\/\",\"url\":\"https:\\\/\\\/repaircafebudapest.hu\\\/wp-content\\\/uploads\\\/2023\\\/11\\\/rcb-logo.webp\",\"contentUrl\":\"https:\\\/\\\/repaircafebudapest.hu\\\/wp-content\\\/uploads\\\/2023\\\/11\\\/rcb-logo.webp\",\"width\":2298,\"height\":1000,\"caption\":\"Repair Cafe Budapest\"},\"image\":{\"@id\":\"https:\\\/\\\/repaircafebudapest.hu\\\/#\\\/schema\\\/logo\\\/image\\\/\"},\"sameAs\":[\"https:\\\/\\\/www.facebook.com\\\/profile.php?id=61552754066692&locale=hu_HU\"]},{\"@type\":\"Person\",\"@id\":\"https:\\\/\\\/repaircafebudapest.hu\\\/#\\\/schema\\\/person\\\/ae0662ecc97cf2fe1fc2ee119636123a\",\"name\":\"admin\",\"image\":{\"@type\":\"ImageObject\",\"inLanguage\":\"en-GB\",\"@id\":\"https:\\\/\\\/secure.gravatar.com\\\/avatar\\\/17fda74479261581db21ac9276619b3b44ce9370ef39c2319fa371f0d034ec97?s=96&d=mm&r=g\",\"url\":\"https:\\\/\\\/secure.gravatar.com\\\/avatar\\\/17fda74479261581db21ac9276619b3b44ce9370ef39c2319fa371f0d034ec97?s=96&d=mm&r=g\",\"contentUrl\":\"https:\\\/\\\/secure.gravatar.com\\\/avatar\\\/17fda74479261581db21ac9276619b3b44ce9370ef39c2319fa371f0d034ec97?s=96&d=mm&r=g\",\"caption\":\"admin\"},\"sameAs\":[\"https:\\\/\\\/repaircafebudapest.hu\"],\"url\":\"https:\\\/\\\/repaircafebudapest.hu\\\/en\\\/author\\\/admin\\\/\"}]}<\/script>\n<!-- \/ Yoast SEO Premium plugin. -->","yoast_head_json":{"title":"Civil D\u00edjat nyert\u00fcnk - Repair Cafe Budapest","description":"Civil D\u00edjat nyert a Legjobb helyi kezdem\u00e9nyez\u00e9s kateg\u00f3ri\u00e1ban a Repair Cafe Budapest: K\u00f6z\u00f6ss\u00e9gi szerelde 2024-ben.","robots":{"index":"index","follow":"follow","max-snippet":"max-snippet:-1","max-image-preview":"max-image-preview:large","max-video-preview":"max-video-preview:-1"},"canonical":"https:\/\/repaircafebudapest.hu\/en\/civil-dijat-nyertunk\/","og_locale":"en_GB","og_type":"article","og_title":"Civil D\u00edjat nyert\u00fcnk","og_description":"Civil D\u00edjat nyert a Legjobb helyi kezdem\u00e9nyez\u00e9s kateg\u00f3ri\u00e1ban a Repair Cafe Budapest: K\u00f6z\u00f6ss\u00e9gi szerelde 2024-ben.","og_url":"https:\/\/repaircafebudapest.hu\/en\/civil-dijat-nyertunk\/","og_site_name":"Repair Cafe Budapest","article_publisher":"https:\/\/www.facebook.com\/profile.php?id=61552754066692&locale=hu_HU","article_published_time":"2024-06-02T20:40:42+00:00","article_modified_time":"2026-01-13T07:47:37+00:00","og_image":[{"width":571,"height":551,"url":"https:\/\/repaircafebudapest.hu\/wp-content\/uploads\/2023\/09\/CIVIL_DIJ_2024_KATEGORIALOGO_CMYK_20240506_V01-18-1.webp","type":"image\/webp"}],"author":"admin","twitter_card":"summary_large_image","twitter_misc":{"Written by":"admin","Estimated reading time":"3 minutes"},"schema":{"@context":"https:\/\/schema.org","@graph":[{"@type":"Article","@id":"https:\/\/repaircafebudapest.hu\/civil-dijat-nyertunk\/#article","isPartOf":{"@id":"https:\/\/repaircafebudapest.hu\/civil-dijat-nyertunk\/"},"author":{"name":"admin","@id":"https:\/\/repaircafebudapest.hu\/#\/schema\/person\/ae0662ecc97cf2fe1fc2ee119636123a"},"headline":"Civil D\u00edjat nyert\u00fcnk","datePublished":"2024-06-02T20:40:42+00:00","dateModified":"2026-01-13T07:47:37+00:00","mainEntityOfPage":{"@id":"https:\/\/repaircafebudapest.hu\/civil-dijat-nyertunk\/"},"wordCount":529,"publisher":{"@id":"https:\/\/repaircafebudapest.hu\/#organization"},"image":{"@id":"https:\/\/repaircafebudapest.hu\/civil-dijat-nyertunk\/#primaryimage"},"thumbnailUrl":"https:\/\/repaircafebudapest.hu\/wp-content\/uploads\/2023\/09\/CIVIL_DIJ_2024_KATEGORIALOGO_CMYK_20240506_V01-18-1.webp","keywords":["Civil D\u00edj"],"articleSection":["Eredm\u00e9nyek"],"inLanguage":"en-GB"},{"@type":"WebPage","@id":"https:\/\/repaircafebudapest.hu\/civil-dijat-nyertunk\/","url":"https:\/\/repaircafebudapest.hu\/civil-dijat-nyertunk\/","name":"Civil D\u00edjat nyert\u00fcnk - Repair Cafe Budapest","isPartOf":{"@id":"https:\/\/repaircafebudapest.hu\/#website"},"primaryImageOfPage":{"@id":"https:\/\/repaircafebudapest.hu\/civil-dijat-nyertunk\/#primaryimage"},"image":{"@id":"https:\/\/repaircafebudapest.hu\/civil-dijat-nyertunk\/#primaryimage"},"thumbnailUrl":"https:\/\/repaircafebudapest.hu\/wp-content\/uploads\/2023\/09\/CIVIL_DIJ_2024_KATEGORIALOGO_CMYK_20240506_V01-18-1.webp","datePublished":"2024-06-02T20:40:42+00:00","dateModified":"2026-01-13T07:47:37+00:00","description":"Civil D\u00edjat nyert a Legjobb helyi kezdem\u00e9nyez\u00e9s kateg\u00f3ri\u00e1ban a Repair Cafe Budapest: K\u00f6z\u00f6ss\u00e9gi szerelde 2024-ben.","breadcrumb":{"@id":"https:\/\/repaircafebudapest.hu\/civil-dijat-nyertunk\/#breadcrumb"},"inLanguage":"en-GB","potentialAction":[{"@type":"ReadAction","target":["https:\/\/repaircafebudapest.hu\/civil-dijat-nyertunk\/"]}]},{"@type":"ImageObject","inLanguage":"en-GB","@id":"https:\/\/repaircafebudapest.hu\/civil-dijat-nyertunk\/#primaryimage","url":"https:\/\/repaircafebudapest.hu\/wp-content\/uploads\/2023\/09\/CIVIL_DIJ_2024_KATEGORIALOGO_CMYK_20240506_V01-18-1.webp","contentUrl":"https:\/\/repaircafebudapest.hu\/wp-content\/uploads\/2023\/09\/CIVIL_DIJ_2024_KATEGORIALOGO_CMYK_20240506_V01-18-1.webp","width":571,"height":551,"caption":"Civil D\u00edj - Legjobb helyi kezdem\u00e9nyez\u00e9s"},{"@type":"BreadcrumbList","@id":"https:\/\/repaircafebudapest.hu\/civil-dijat-nyertunk\/#breadcrumb","itemListElement":[{"@type":"ListItem","position":1,"name":"Kezd\u0151lap","item":"https:\/\/repaircafebudapest.hu\/"},{"@type":"ListItem","position":2,"name":"Civil D\u00edjat nyert\u00fcnk"}]},{"@type":"WebSite","@id":"https:\/\/repaircafebudapest.hu\/#website","url":"https:\/\/repaircafebudapest.hu\/","name":"Repair Cafe Budapest","description":"Repair Cafe Budapest","publisher":{"@id":"https:\/\/repaircafebudapest.hu\/#organization"},"potentialAction":[{"@type":"SearchAction","target":{"@type":"EntryPoint","urlTemplate":"https:\/\/repaircafebudapest.hu\/?s={search_term_string}"},"query-input":{"@type":"PropertyValueSpecification","valueRequired":true,"valueName":"search_term_string"}}],"inLanguage":"en-GB"},{"@type":"Organization","@id":"https:\/\/repaircafebudapest.hu\/#organization","name":"Repair Cafe Budapest","url":"https:\/\/repaircafebudapest.hu\/","logo":{"@type":"ImageObject","inLanguage":"en-GB","@id":"https:\/\/repaircafebudapest.hu\/#\/schema\/logo\/image\/","url":"https:\/\/repaircafebudapest.hu\/wp-content\/uploads\/2023\/11\/rcb-logo.webp","contentUrl":"https:\/\/repaircafebudapest.hu\/wp-content\/uploads\/2023\/11\/rcb-logo.webp","width":2298,"height":1000,"caption":"Repair Cafe Budapest"},"image":{"@id":"https:\/\/repaircafebudapest.hu\/#\/schema\/logo\/image\/"},"sameAs":["https:\/\/www.facebook.com\/profile.php?id=61552754066692&locale=hu_HU"]},{"@type":"Person","@id":"https:\/\/repaircafebudapest.hu\/#\/schema\/person\/ae0662ecc97cf2fe1fc2ee119636123a","name":"admin","image":{"@type":"ImageObject","inLanguage":"en-GB","@id":"https:\/\/secure.gravatar.com\/avatar\/17fda74479261581db21ac9276619b3b44ce9370ef39c2319fa371f0d034ec97?s=96&d=mm&r=g","url":"https:\/\/secure.gravatar.com\/avatar\/17fda74479261581db21ac9276619b3b44ce9370ef39c2319fa371f0d034ec97?s=96&d=mm&r=g","contentUrl":"https:\/\/secure.gravatar.com\/avatar\/17fda74479261581db21ac9276619b3b44ce9370ef39c2319fa371f0d034ec97?s=96&d=mm&r=g","caption":"admin"},"sameAs":["https:\/\/repaircafebudapest.hu"],"url":"https:\/\/repaircafebudapest.hu\/en\/author\/admin\/"}]}},"_links":{"self":[{"href":"https:\/\/repaircafebudapest.hu\/en\/wp-json\/wp\/v2\/posts\/854","targetHints":{"allow":["GET"]}}],"collection":[{"href":"https:\/\/repaircafebudapest.hu\/en\/wp-json\/wp\/v2\/posts"}],"about":[{"href":"https:\/\/repaircafebudapest.hu\/en\/wp-json\/wp\/v2\/types\/post"}],"author":[{"embeddable":true,"href":"https:\/\/repaircafebudapest.hu\/en\/wp-json\/wp\/v2\/users\/1"}],"replies":[{"embeddable":true,"href":"https:\/\/repaircafebudapest.hu\/en\/wp-json\/wp\/v2\/comments?post=854"}],"version-history":[{"count":5,"href":"https:\/\/repaircafebudapest.hu\/en\/wp-json\/wp\/v2\/posts\/854\/revisions"}],"predecessor-version":[{"id":866,"href":"https:\/\/repaircafebudapest.hu\/en\/wp-json\/wp\/v2\/posts\/854\/revisions\/866"}],"wp:featuredmedia":[{"embeddable":true,"href":"https:\/\/repaircafebudapest.hu\/en\/wp-json\/wp\/v2\/media\/851"}],"wp:attachment":[{"href":"https:\/\/repaircafebudapest.hu\/en\/wp-json\/wp\/v2\/media?parent=854"}],"wp:term":[{"taxonomy":"category","embeddable":true,"href":"https:\/\/repaircafebudapest.hu\/en\/wp-json\/wp\/v2\/categories?post=854"},{"taxonomy":"post_tag","embeddable":true,"href":"https:\/\/repaircafebudapest.hu\/en\/wp-json\/wp\/v2\/tags?post=854"}],"curies":[{"name":"wp","href":"https:\/\/api.w.org\/{rel}","templated":true}]}}