{"id":1338,"date":"2025-09-19T07:38:17","date_gmt":"2025-09-19T06:38:17","guid":{"rendered":"https:\/\/repaircafebudapest.hu\/?p=1338"},"modified":"2026-01-13T08:47:29","modified_gmt":"2026-01-13T07:47:29","slug":"szeptemberi-nyitvatartas","status":"publish","type":"post","link":"https:\/\/repaircafebudapest.hu\/en\/szeptemberi-nyitvatartas\/","title":{"rendered":"Szeptemberi nyitvatart\u00e1s"},"content":{"rendered":"<p>Sziasztok!<\/p>\n<p>Szeretn\u00e9nk jelezni, hogy a Budapest Repair Caf\u00e9 szeptemberben n\u00e9h\u00e1ny napra z\u00e1rva tart. Pontosabban: <strong>szeptember 13-\u00e1n, 20-\u00e1n, valamint 23\u201327. k\u00f6z\u00f6tt nem lesz\u00fcnk nyitva.<\/strong><\/p>\n<p>K\u00f6sz\u00f6nj\u00fck a meg\u00e9rt\u00e9seteket, \u00e9s v\u00e1runk benneteket a t\u00f6bbi napon!<\/p>","protected":false},"excerpt":{"rendered":"<p>Sziasztok! Szeretn\u00e9nk jelezni, hogy a Budapest Repair Caf\u00e9 szeptemberben n\u00e9h\u00e1ny napra z\u00e1rva tart. Pontosabban: szeptember 13-\u00e1n, 20-\u00e1n, valamint 23\u201327. k\u00f6z\u00f6tt nem lesz\u00fcnk nyitva. K\u00f6sz\u00f6nj\u00fck a meg\u00e9rt\u00e9seteket, \u00e9s v\u00e1runk benneteket a t\u00f6bbi napon!<\/p>","protected":false},"author":1,"featured_media":1334,"comment_status":"closed","ping_status":"open","sticky":false,"template":"","format":"standard","meta":{"_acf_changed":false,"footnotes":""},"categories":[130],"tags":[],"class_list":["post-1338","post","type-post","status-publish","format-standard","has-post-thumbnail","hentry","category-hirek"],"acf":[],"yoast_head":"<!-- This site is optimized with the Yoast SEO Premium plugin v27.4 (Yoast SEO v27.4) - https:\/\/yoast.com\/product\/yoast-seo-premium-wordpress\/ -->\n<title>Szeptemberi nyitvatart\u00e1s - Repair Cafe Budapest<\/title>\n<meta name=\"robots\" content=\"index, follow, max-snippet:-1, max-image-preview:large, max-video-preview:-1\" \/>\n<link rel=\"canonical\" href=\"https:\/\/repaircafebudapest.hu\/en\/szeptemberi-nyitvatartas\/\" \/>\n<meta property=\"og:locale\" content=\"en_GB\" \/>\n<meta property=\"og:type\" content=\"article\" \/>\n<meta property=\"og:title\" content=\"Szeptemberi nyitvatart\u00e1s\" \/>\n<meta property=\"og:description\" content=\"Sziasztok! Szeretn\u00e9nk jelezni, hogy a Budapest Repair Caf\u00e9 szeptemberben n\u00e9h\u00e1ny napra z\u00e1rva tart. Pontosabban: szeptember 13-\u00e1n, 20-\u00e1n, valamint 23\u201327. k\u00f6z\u00f6tt nem lesz\u00fcnk nyitva. K\u00f6sz\u00f6nj\u00fck a meg\u00e9rt\u00e9seteket, \u00e9s v\u00e1runk benneteket a t\u00f6bbi napon!\" \/>\n<meta property=\"og:url\" content=\"https:\/\/repaircafebudapest.hu\/en\/szeptemberi-nyitvatartas\/\" \/>\n<meta property=\"og:site_name\" content=\"Repair Cafe Budapest\" \/>\n<meta property=\"article:publisher\" content=\"https:\/\/www.facebook.com\/profile.php?id=61552754066692&amp;locale=hu_HU\" \/>\n<meta property=\"article:published_time\" content=\"2025-09-19T06:38:17+00:00\" \/>\n<meta property=\"article:modified_time\" content=\"2026-01-13T07:47:29+00:00\" \/>\n<meta property=\"og:image\" content=\"https:\/\/repaircafebudapest.hu\/wp-content\/uploads\/2025\/09\/szeptemberi-nyitvatartas.png\" \/>\n\t<meta property=\"og:image:width\" content=\"940\" \/>\n\t<meta property=\"og:image:height\" content=\"788\" \/>\n\t<meta property=\"og:image:type\" content=\"image\/png\" \/>\n<meta name=\"author\" content=\"admin\" \/>\n<meta name=\"twitter:card\" content=\"summary_large_image\" \/>\n<meta name=\"twitter:label1\" content=\"Written by\" \/>\n\t<meta name=\"twitter:data1\" content=\"admin\" \/>\n\t<meta name=\"twitter:label2\" content=\"Estimated reading time\" \/>\n\t<meta name=\"twitter:data2\" content=\"1 minute\" \/>\n<script type=\"application\/ld+json\" class=\"yoast-schema-graph\">{\"@context\":\"https:\\\/\\\/schema.org\",\"@graph\":[{\"@type\":\"Article\",\"@id\":\"https:\\\/\\\/repaircafebudapest.hu\\\/szeptemberi-nyitvatartas\\\/#article\",\"isPartOf\":{\"@id\":\"https:\\\/\\\/repaircafebudapest.hu\\\/szeptemberi-nyitvatartas\\\/\"},\"author\":{\"name\":\"admin\",\"@id\":\"https:\\\/\\\/repaircafebudapest.hu\\\/#\\\/schema\\\/person\\\/ae0662ecc97cf2fe1fc2ee119636123a\"},\"headline\":\"Szeptemberi nyitvatart\u00e1s\",\"datePublished\":\"2025-09-19T06:38:17+00:00\",\"dateModified\":\"2026-01-13T07:47:29+00:00\",\"mainEntityOfPage\":{\"@id\":\"https:\\\/\\\/repaircafebudapest.hu\\\/szeptemberi-nyitvatartas\\\/\"},\"wordCount\":50,\"publisher\":{\"@id\":\"https:\\\/\\\/repaircafebudapest.hu\\\/#organization\"},\"image\":{\"@id\":\"https:\\\/\\\/repaircafebudapest.hu\\\/szeptemberi-nyitvatartas\\\/#primaryimage\"},\"thumbnailUrl\":\"https:\\\/\\\/repaircafebudapest.hu\\\/wp-content\\\/uploads\\\/2025\\\/09\\\/szeptemberi-nyitvatartas.png\",\"articleSection\":[\"H\u00edrek\"],\"inLanguage\":\"en-GB\"},{\"@type\":\"WebPage\",\"@id\":\"https:\\\/\\\/repaircafebudapest.hu\\\/szeptemberi-nyitvatartas\\\/\",\"url\":\"https:\\\/\\\/repaircafebudapest.hu\\\/szeptemberi-nyitvatartas\\\/\",\"name\":\"Szeptemberi nyitvatart\u00e1s - Repair Cafe Budapest\",\"isPartOf\":{\"@id\":\"https:\\\/\\\/repaircafebudapest.hu\\\/#website\"},\"primaryImageOfPage\":{\"@id\":\"https:\\\/\\\/repaircafebudapest.hu\\\/szeptemberi-nyitvatartas\\\/#primaryimage\"},\"image\":{\"@id\":\"https:\\\/\\\/repaircafebudapest.hu\\\/szeptemberi-nyitvatartas\\\/#primaryimage\"},\"thumbnailUrl\":\"https:\\\/\\\/repaircafebudapest.hu\\\/wp-content\\\/uploads\\\/2025\\\/09\\\/szeptemberi-nyitvatartas.png\",\"datePublished\":\"2025-09-19T06:38:17+00:00\",\"dateModified\":\"2026-01-13T07:47:29+00:00\",\"breadcrumb\":{\"@id\":\"https:\\\/\\\/repaircafebudapest.hu\\\/szeptemberi-nyitvatartas\\\/#breadcrumb\"},\"inLanguage\":\"en-GB\",\"potentialAction\":[{\"@type\":\"ReadAction\",\"target\":[\"https:\\\/\\\/repaircafebudapest.hu\\\/szeptemberi-nyitvatartas\\\/\"]}]},{\"@type\":\"ImageObject\",\"inLanguage\":\"en-GB\",\"@id\":\"https:\\\/\\\/repaircafebudapest.hu\\\/szeptemberi-nyitvatartas\\\/#primaryimage\",\"url\":\"https:\\\/\\\/repaircafebudapest.hu\\\/wp-content\\\/uploads\\\/2025\\\/09\\\/szeptemberi-nyitvatartas.png\",\"contentUrl\":\"https:\\\/\\\/repaircafebudapest.hu\\\/wp-content\\\/uploads\\\/2025\\\/09\\\/szeptemberi-nyitvatartas.png\",\"width\":940,\"height\":788},{\"@type\":\"BreadcrumbList\",\"@id\":\"https:\\\/\\\/repaircafebudapest.hu\\\/szeptemberi-nyitvatartas\\\/#breadcrumb\",\"itemListElement\":[{\"@type\":\"ListItem\",\"position\":1,\"name\":\"Kezd\u0151lap\",\"item\":\"https:\\\/\\\/repaircafebudapest.hu\\\/\"},{\"@type\":\"ListItem\",\"position\":2,\"name\":\"Szeptemberi nyitvatart\u00e1s\"}]},{\"@type\":\"WebSite\",\"@id\":\"https:\\\/\\\/repaircafebudapest.hu\\\/#website\",\"url\":\"https:\\\/\\\/repaircafebudapest.hu\\\/\",\"name\":\"Repair Cafe Budapest\",\"description\":\"Repair Cafe Budapest\",\"publisher\":{\"@id\":\"https:\\\/\\\/repaircafebudapest.hu\\\/#organization\"},\"potentialAction\":[{\"@type\":\"SearchAction\",\"target\":{\"@type\":\"EntryPoint\",\"urlTemplate\":\"https:\\\/\\\/repaircafebudapest.hu\\\/?s={search_term_string}\"},\"query-input\":{\"@type\":\"PropertyValueSpecification\",\"valueRequired\":true,\"valueName\":\"search_term_string\"}}],\"inLanguage\":\"en-GB\"},{\"@type\":\"Organization\",\"@id\":\"https:\\\/\\\/repaircafebudapest.hu\\\/#organization\",\"name\":\"Repair Cafe Budapest\",\"url\":\"https:\\\/\\\/repaircafebudapest.hu\\\/\",\"logo\":{\"@type\":\"ImageObject\",\"inLanguage\":\"en-GB\",\"@id\":\"https:\\\/\\\/repaircafebudapest.hu\\\/#\\\/schema\\\/logo\\\/image\\\/\",\"url\":\"https:\\\/\\\/repaircafebudapest.hu\\\/wp-content\\\/uploads\\\/2023\\\/11\\\/rcb-logo.webp\",\"contentUrl\":\"https:\\\/\\\/repaircafebudapest.hu\\\/wp-content\\\/uploads\\\/2023\\\/11\\\/rcb-logo.webp\",\"width\":2298,\"height\":1000,\"caption\":\"Repair Cafe Budapest\"},\"image\":{\"@id\":\"https:\\\/\\\/repaircafebudapest.hu\\\/#\\\/schema\\\/logo\\\/image\\\/\"},\"sameAs\":[\"https:\\\/\\\/www.facebook.com\\\/profile.php?id=61552754066692&locale=hu_HU\"]},{\"@type\":\"Person\",\"@id\":\"https:\\\/\\\/repaircafebudapest.hu\\\/#\\\/schema\\\/person\\\/ae0662ecc97cf2fe1fc2ee119636123a\",\"name\":\"admin\",\"image\":{\"@type\":\"ImageObject\",\"inLanguage\":\"en-GB\",\"@id\":\"https:\\\/\\\/secure.gravatar.com\\\/avatar\\\/17fda74479261581db21ac9276619b3b44ce9370ef39c2319fa371f0d034ec97?s=96&d=mm&r=g\",\"url\":\"https:\\\/\\\/secure.gravatar.com\\\/avatar\\\/17fda74479261581db21ac9276619b3b44ce9370ef39c2319fa371f0d034ec97?s=96&d=mm&r=g\",\"contentUrl\":\"https:\\\/\\\/secure.gravatar.com\\\/avatar\\\/17fda74479261581db21ac9276619b3b44ce9370ef39c2319fa371f0d034ec97?s=96&d=mm&r=g\",\"caption\":\"admin\"},\"sameAs\":[\"https:\\\/\\\/repaircafebudapest.hu\"],\"url\":\"https:\\\/\\\/repaircafebudapest.hu\\\/en\\\/author\\\/admin\\\/\"}]}<\/script>\n<!-- \/ Yoast SEO Premium plugin. -->","yoast_head_json":{"title":"Szeptemberi nyitvatart\u00e1s - Repair Cafe Budapest","robots":{"index":"index","follow":"follow","max-snippet":"max-snippet:-1","max-image-preview":"max-image-preview:large","max-video-preview":"max-video-preview:-1"},"canonical":"https:\/\/repaircafebudapest.hu\/en\/szeptemberi-nyitvatartas\/","og_locale":"en_GB","og_type":"article","og_title":"Szeptemberi nyitvatart\u00e1s","og_description":"Sziasztok! Szeretn\u00e9nk jelezni, hogy a Budapest Repair Caf\u00e9 szeptemberben n\u00e9h\u00e1ny napra z\u00e1rva tart. Pontosabban: szeptember 13-\u00e1n, 20-\u00e1n, valamint 23\u201327. k\u00f6z\u00f6tt nem lesz\u00fcnk nyitva. K\u00f6sz\u00f6nj\u00fck a meg\u00e9rt\u00e9seteket, \u00e9s v\u00e1runk benneteket a t\u00f6bbi napon!","og_url":"https:\/\/repaircafebudapest.hu\/en\/szeptemberi-nyitvatartas\/","og_site_name":"Repair Cafe Budapest","article_publisher":"https:\/\/www.facebook.com\/profile.php?id=61552754066692&locale=hu_HU","article_published_time":"2025-09-19T06:38:17+00:00","article_modified_time":"2026-01-13T07:47:29+00:00","og_image":[{"width":940,"height":788,"url":"https:\/\/repaircafebudapest.hu\/wp-content\/uploads\/2025\/09\/szeptemberi-nyitvatartas.png","type":"image\/png"}],"author":"admin","twitter_card":"summary_large_image","twitter_misc":{"Written by":"admin","Estimated reading time":"1 minute"},"schema":{"@context":"https:\/\/schema.org","@graph":[{"@type":"Article","@id":"https:\/\/repaircafebudapest.hu\/szeptemberi-nyitvatartas\/#article","isPartOf":{"@id":"https:\/\/repaircafebudapest.hu\/szeptemberi-nyitvatartas\/"},"author":{"name":"admin","@id":"https:\/\/repaircafebudapest.hu\/#\/schema\/person\/ae0662ecc97cf2fe1fc2ee119636123a"},"headline":"Szeptemberi nyitvatart\u00e1s","datePublished":"2025-09-19T06:38:17+00:00","dateModified":"2026-01-13T07:47:29+00:00","mainEntityOfPage":{"@id":"https:\/\/repaircafebudapest.hu\/szeptemberi-nyitvatartas\/"},"wordCount":50,"publisher":{"@id":"https:\/\/repaircafebudapest.hu\/#organization"},"image":{"@id":"https:\/\/repaircafebudapest.hu\/szeptemberi-nyitvatartas\/#primaryimage"},"thumbnailUrl":"https:\/\/repaircafebudapest.hu\/wp-content\/uploads\/2025\/09\/szeptemberi-nyitvatartas.png","articleSection":["H\u00edrek"],"inLanguage":"en-GB"},{"@type":"WebPage","@id":"https:\/\/repaircafebudapest.hu\/szeptemberi-nyitvatartas\/","url":"https:\/\/repaircafebudapest.hu\/szeptemberi-nyitvatartas\/","name":"Szeptemberi nyitvatart\u00e1s - Repair Cafe Budapest","isPartOf":{"@id":"https:\/\/repaircafebudapest.hu\/#website"},"primaryImageOfPage":{"@id":"https:\/\/repaircafebudapest.hu\/szeptemberi-nyitvatartas\/#primaryimage"},"image":{"@id":"https:\/\/repaircafebudapest.hu\/szeptemberi-nyitvatartas\/#primaryimage"},"thumbnailUrl":"https:\/\/repaircafebudapest.hu\/wp-content\/uploads\/2025\/09\/szeptemberi-nyitvatartas.png","datePublished":"2025-09-19T06:38:17+00:00","dateModified":"2026-01-13T07:47:29+00:00","breadcrumb":{"@id":"https:\/\/repaircafebudapest.hu\/szeptemberi-nyitvatartas\/#breadcrumb"},"inLanguage":"en-GB","potentialAction":[{"@type":"ReadAction","target":["https:\/\/repaircafebudapest.hu\/szeptemberi-nyitvatartas\/"]}]},{"@type":"ImageObject","inLanguage":"en-GB","@id":"https:\/\/repaircafebudapest.hu\/szeptemberi-nyitvatartas\/#primaryimage","url":"https:\/\/repaircafebudapest.hu\/wp-content\/uploads\/2025\/09\/szeptemberi-nyitvatartas.png","contentUrl":"https:\/\/repaircafebudapest.hu\/wp-content\/uploads\/2025\/09\/szeptemberi-nyitvatartas.png","width":940,"height":788},{"@type":"BreadcrumbList","@id":"https:\/\/repaircafebudapest.hu\/szeptemberi-nyitvatartas\/#breadcrumb","itemListElement":[{"@type":"ListItem","position":1,"name":"Kezd\u0151lap","item":"https:\/\/repaircafebudapest.hu\/"},{"@type":"ListItem","position":2,"name":"Szeptemberi nyitvatart\u00e1s"}]},{"@type":"WebSite","@id":"https:\/\/repaircafebudapest.hu\/#website","url":"https:\/\/repaircafebudapest.hu\/","name":"Repair Cafe Budapest","description":"Repair Cafe Budapest","publisher":{"@id":"https:\/\/repaircafebudapest.hu\/#organization"},"potentialAction":[{"@type":"SearchAction","target":{"@type":"EntryPoint","urlTemplate":"https:\/\/repaircafebudapest.hu\/?s={search_term_string}"},"query-input":{"@type":"PropertyValueSpecification","valueRequired":true,"valueName":"search_term_string"}}],"inLanguage":"en-GB"},{"@type":"Organization","@id":"https:\/\/repaircafebudapest.hu\/#organization","name":"Repair Cafe Budapest","url":"https:\/\/repaircafebudapest.hu\/","logo":{"@type":"ImageObject","inLanguage":"en-GB","@id":"https:\/\/repaircafebudapest.hu\/#\/schema\/logo\/image\/","url":"https:\/\/repaircafebudapest.hu\/wp-content\/uploads\/2023\/11\/rcb-logo.webp","contentUrl":"https:\/\/repaircafebudapest.hu\/wp-content\/uploads\/2023\/11\/rcb-logo.webp","width":2298,"height":1000,"caption":"Repair Cafe Budapest"},"image":{"@id":"https:\/\/repaircafebudapest.hu\/#\/schema\/logo\/image\/"},"sameAs":["https:\/\/www.facebook.com\/profile.php?id=61552754066692&locale=hu_HU"]},{"@type":"Person","@id":"https:\/\/repaircafebudapest.hu\/#\/schema\/person\/ae0662ecc97cf2fe1fc2ee119636123a","name":"admin","image":{"@type":"ImageObject","inLanguage":"en-GB","@id":"https:\/\/secure.gravatar.com\/avatar\/17fda74479261581db21ac9276619b3b44ce9370ef39c2319fa371f0d034ec97?s=96&d=mm&r=g","url":"https:\/\/secure.gravatar.com\/avatar\/17fda74479261581db21ac9276619b3b44ce9370ef39c2319fa371f0d034ec97?s=96&d=mm&r=g","contentUrl":"https:\/\/secure.gravatar.com\/avatar\/17fda74479261581db21ac9276619b3b44ce9370ef39c2319fa371f0d034ec97?s=96&d=mm&r=g","caption":"admin"},"sameAs":["https:\/\/repaircafebudapest.hu"],"url":"https:\/\/repaircafebudapest.hu\/en\/author\/admin\/"}]}},"_links":{"self":[{"href":"https:\/\/repaircafebudapest.hu\/en\/wp-json\/wp\/v2\/posts\/1338","targetHints":{"allow":["GET"]}}],"collection":[{"href":"https:\/\/repaircafebudapest.hu\/en\/wp-json\/wp\/v2\/posts"}],"about":[{"href":"https:\/\/repaircafebudapest.hu\/en\/wp-json\/wp\/v2\/types\/post"}],"author":[{"embeddable":true,"href":"https:\/\/repaircafebudapest.hu\/en\/wp-json\/wp\/v2\/users\/1"}],"replies":[{"embeddable":true,"href":"https:\/\/repaircafebudapest.hu\/en\/wp-json\/wp\/v2\/comments?post=1338"}],"version-history":[{"count":1,"href":"https:\/\/repaircafebudapest.hu\/en\/wp-json\/wp\/v2\/posts\/1338\/revisions"}],"predecessor-version":[{"id":1339,"href":"https:\/\/repaircafebudapest.hu\/en\/wp-json\/wp\/v2\/posts\/1338\/revisions\/1339"}],"wp:featuredmedia":[{"embeddable":true,"href":"https:\/\/repaircafebudapest.hu\/en\/wp-json\/wp\/v2\/media\/1334"}],"wp:attachment":[{"href":"https:\/\/repaircafebudapest.hu\/en\/wp-json\/wp\/v2\/media?parent=1338"}],"wp:term":[{"taxonomy":"category","embeddable":true,"href":"https:\/\/repaircafebudapest.hu\/en\/wp-json\/wp\/v2\/categories?post=1338"},{"taxonomy":"post_tag","embeddable":true,"href":"https:\/\/repaircafebudapest.hu\/en\/wp-json\/wp\/v2\/tags?post=1338"}],"curies":[{"name":"wp","href":"https:\/\/api.w.org\/{rel}","templated":true}]}}