{"id":1320,"date":"2025-07-30T22:56:18","date_gmt":"2025-07-30T21:56:18","guid":{"rendered":"https:\/\/repaircafebudapest.hu\/?p=1320"},"modified":"2026-01-13T08:47:29","modified_gmt":"2026-01-13T07:47:29","slug":"szavazz-ki-kapja-a-jozsefvarosi-kozossegekert-dijat","status":"publish","type":"post","link":"https:\/\/repaircafebudapest.hu\/en\/szavazz-ki-kapja-a-jozsefvarosi-kozossegekert-dijat\/","title":{"rendered":"Szavazz, ki kapja a J\u00f3zsefv\u00e1rosi K\u00f6z\u00f6ss\u00e9gek\u00e9rt d\u00edjat!"},"content":{"rendered":"<p>\ud83c\udf89 Nagy \u00f6r\u00f6m\u00fcnkre szolg\u00e1l, hogy a <strong>Repair Cafe Budapest<\/strong> beker\u00fclt a J\u00f3zsefv\u00e1rosi K\u00f6z\u00f6ss\u00e9gek\u00e9rt kit\u00fcntet\u00e9s idei jel\u00f6ltjei k\u00f6z\u00e9! Ez sz\u00e1munkra hatalmas megtiszteltet\u00e9s, \u00e9s visszajelz\u00e9s arr\u00f3l, hogy amit k\u00f6z\u00f6sen alkotunk a Teleki t\u00e9ren \u2013 a k\u00f6z\u00f6s jav\u00edt\u00e1st\u00f3l a k\u00f6z\u00f6ss\u00e9g\u00e9p\u00edt\u00e9sen \u00e1t a tud\u00e1smegoszt\u00e1sig \u2013 val\u00f3di \u00e9rt\u00e9ket k\u00e9pvisel J\u00f3zsefv\u00e1rosban.<\/p>\n<p>A m\u0171hely\u00fcnk nem csup\u00e1n hely a bark\u00e1csol\u00e1sra: itt <strong>tud\u00e1st adunk \u00e1t<\/strong>, <strong>kapcsolatokat \u00e9p\u00edt\u00fcnk<\/strong>, \u00e9s \u00faj es\u00e9lyt adunk t\u00e1rgyaknak, embereknek egyar\u00e1nt. N\u00e1lunk mindenki saj\u00e1t kez\u0171leg dolgozhat, szakembereink seg\u00edts\u00e9g\u00e9vel. C\u00e9lunk, hogy a fenntarthat\u00f3s\u00e1g ne elm\u00e9let legyen, hanem meg\u00e9lt gyakorlat. A bizalom, t\u00fcrelem \u00e9s j\u00f3 hangulat mindig biztos\u00edtott!<\/p>\n<p>\ud83d\ude4f Ha \u00fagy \u00e9rzed, a munk\u00e1nk hozz\u00e1j\u00e1rul J\u00f3zsefv\u00e1ros \u00e9rt\u00e9keihez, <strong>t\u00e1mogass benn\u00fcnket szavazatoddal<\/strong>!<\/p>\n<p>\ud83d\udc49 Szavazz itt: <strong><a href=\"https:\/\/reszvetel.jozsefvaros.hu\/kerdoiv\/kozonsegszavazas-a-jozsefvarosi-kozossegekert-kituntetesre-2025\/\">K\u00f6z\u00f6ns\u00e9gszavaz\u00e1s a \u201eJ\u00f3zsefv\u00e1rosi K\u00f6z\u00f6ss\u00e9gek\u00e9rt\u201d d\u00edjra<\/a><\/strong><\/p>\n<p>\ud83d\udcc4 Tov\u00e1bbi inform\u00e1ci\u00f3t a szavaz\u00e1s menet\u00e9r\u0151l \u00e9s a jel\u00f6ltekr\u0151l itt tal\u00e1lsz: <strong><a href=\"https:\/\/jozsefvaros.hu\/otthon\/hirdetotabla\/hirek\/2025\/07\/dontson-on-is-ki-kapja-a-jozsefvarosi-kozossegekert-dijat-2025-ben\/\">J\u00f3zsefv\u00e1rosi \u00d6nkorm\u00e1nyzat \u2013 D\u00f6nts\u00f6n \u00d6n is!<\/a><\/strong><\/p>\n<p>\ud83d\udce3 Szeretn\u00e9l hasonl\u00f3 civil h\u00edrekr\u0151l \u00e9rtes\u00fclni? Csatlakozz a <a href=\"https:\/\/www.facebook.com\/groups\/jozsefvarosicivilek\/\"><strong>J\u00f3zsefv\u00e1rosi civil szervezetek \u00e9s csoportok k\u00f6z\u00f6ss\u00e9ge<\/strong><\/a> csoporthoz!<\/p>\n<p>&nbsp;<\/p>\n<p>Fot\u00f3: Karancsi-Albert Rudolf | K\u00f6z\u00f6ss\u00e9gi R\u00e9szv\u00e9teli Iroda &#8211; J\u00f3zsefv\u00e1ros (Facebook)<\/p>","protected":false},"excerpt":{"rendered":"<p>\ud83c\udf89 Nagy \u00f6r\u00f6m\u00fcnkre szolg\u00e1l, hogy a Repair Cafe Budapest beker\u00fclt a J\u00f3zsefv\u00e1rosi K\u00f6z\u00f6ss\u00e9gek\u00e9rt kit\u00fcntet\u00e9s idei jel\u00f6ltjei k\u00f6z\u00e9! Ez sz\u00e1munkra hatalmas megtiszteltet\u00e9s, \u00e9s visszajelz\u00e9s arr\u00f3l, hogy amit k\u00f6z\u00f6sen alkotunk a Teleki t\u00e9ren \u2013 a k\u00f6z\u00f6s jav\u00edt\u00e1st\u00f3l a k\u00f6z\u00f6ss\u00e9g\u00e9p\u00edt\u00e9sen \u00e1t a tud\u00e1smegoszt\u00e1sig \u2013 val\u00f3di \u00e9rt\u00e9ket k\u00e9pvisel J\u00f3zsefv\u00e1rosban. A m\u0171hely\u00fcnk nem csup\u00e1n hely a bark\u00e1csol\u00e1sra: itt tud\u00e1st adunk [&hellip;]<\/p>\n","protected":false},"author":1,"featured_media":1318,"comment_status":"closed","ping_status":"open","sticky":false,"template":"","format":"standard","meta":{"_acf_changed":false,"footnotes":""},"categories":[130],"tags":[133,132,131],"class_list":["post-1320","post","type-post","status-publish","format-standard","has-post-thumbnail","hentry","category-hirek","tag-civil-kezdemenyezes","tag-dijatado-2025","tag-jozsefvarosi-kozossegekert-dij"],"acf":[],"yoast_head":"<!-- This site is optimized with the Yoast SEO Premium plugin v27.4 (Yoast SEO v27.4) - https:\/\/yoast.com\/product\/yoast-seo-premium-wordpress\/ -->\n<title>Szavazz, ki kapja a J\u00f3zsefv\u00e1rosi K\u00f6z\u00f6ss\u00e9gek\u00e9rt d\u00edjat! - Repair Cafe Budapest<\/title>\n<meta name=\"description\" content=\"J\u00f3zsefv\u00e1rosi K\u00f6z\u00f6ss\u00e9gek\u00e9rt d\u00edjra jel\u00f6ltek benn\u00fcnket! Szavazz r\u00e1nk, ha fontos neked a k\u00f6z\u00f6s jav\u00edt\u00e1s \u00e9s k\u00f6z\u00f6ss\u00e9g\u00e9p\u00edt\u00e9s!\" \/>\n<meta name=\"robots\" content=\"index, follow, max-snippet:-1, max-image-preview:large, max-video-preview:-1\" \/>\n<link rel=\"canonical\" href=\"https:\/\/repaircafebudapest.hu\/en\/szavazz-ki-kapja-a-jozsefvarosi-kozossegekert-dijat\/\" \/>\n<meta property=\"og:locale\" content=\"en_GB\" \/>\n<meta property=\"og:type\" content=\"article\" \/>\n<meta property=\"og:title\" content=\"Szavazz, ki kapja a J\u00f3zsefv\u00e1rosi K\u00f6z\u00f6ss\u00e9gek\u00e9rt d\u00edjat!\" \/>\n<meta property=\"og:description\" content=\"J\u00f3zsefv\u00e1rosi K\u00f6z\u00f6ss\u00e9gek\u00e9rt d\u00edjra jel\u00f6ltek benn\u00fcnket! Szavazz r\u00e1nk, ha fontos neked a k\u00f6z\u00f6s jav\u00edt\u00e1s \u00e9s k\u00f6z\u00f6ss\u00e9g\u00e9p\u00edt\u00e9s!\" \/>\n<meta property=\"og:url\" content=\"https:\/\/repaircafebudapest.hu\/en\/szavazz-ki-kapja-a-jozsefvarosi-kozossegekert-dijat\/\" \/>\n<meta property=\"og:site_name\" content=\"Repair Cafe Budapest\" \/>\n<meta property=\"article:publisher\" content=\"https:\/\/www.facebook.com\/profile.php?id=61552754066692&amp;locale=hu_HU\" \/>\n<meta property=\"article:published_time\" content=\"2025-07-30T21:56:18+00:00\" \/>\n<meta property=\"article:modified_time\" content=\"2026-01-13T07:47:29+00:00\" \/>\n<meta property=\"og:image\" content=\"https:\/\/repaircafebudapest.hu\/wp-content\/uploads\/2025\/07\/522743406_1075074928046984_6806332436612739966_n.jpg\" \/>\n\t<meta property=\"og:image:width\" content=\"940\" \/>\n\t<meta property=\"og:image:height\" content=\"788\" \/>\n\t<meta property=\"og:image:type\" content=\"image\/jpeg\" \/>\n<meta name=\"author\" content=\"admin\" \/>\n<meta name=\"twitter:card\" content=\"summary_large_image\" \/>\n<meta name=\"twitter:label1\" content=\"Written by\" \/>\n\t<meta name=\"twitter:data1\" content=\"admin\" \/>\n\t<meta name=\"twitter:label2\" content=\"Estimated reading time\" \/>\n\t<meta name=\"twitter:data2\" content=\"2 minutes\" \/>\n<script type=\"application\/ld+json\" class=\"yoast-schema-graph\">{\"@context\":\"https:\\\/\\\/schema.org\",\"@graph\":[{\"@type\":\"Article\",\"@id\":\"https:\\\/\\\/repaircafebudapest.hu\\\/szavazz-ki-kapja-a-jozsefvarosi-kozossegekert-dijat\\\/#article\",\"isPartOf\":{\"@id\":\"https:\\\/\\\/repaircafebudapest.hu\\\/szavazz-ki-kapja-a-jozsefvarosi-kozossegekert-dijat\\\/\"},\"author\":{\"name\":\"admin\",\"@id\":\"https:\\\/\\\/repaircafebudapest.hu\\\/#\\\/schema\\\/person\\\/ae0662ecc97cf2fe1fc2ee119636123a\"},\"headline\":\"Szavazz, ki kapja a J\u00f3zsefv\u00e1rosi K\u00f6z\u00f6ss\u00e9gek\u00e9rt d\u00edjat!\",\"datePublished\":\"2025-07-30T21:56:18+00:00\",\"dateModified\":\"2026-01-13T07:47:29+00:00\",\"mainEntityOfPage\":{\"@id\":\"https:\\\/\\\/repaircafebudapest.hu\\\/szavazz-ki-kapja-a-jozsefvarosi-kozossegekert-dijat\\\/\"},\"wordCount\":270,\"publisher\":{\"@id\":\"https:\\\/\\\/repaircafebudapest.hu\\\/#organization\"},\"image\":{\"@id\":\"https:\\\/\\\/repaircafebudapest.hu\\\/szavazz-ki-kapja-a-jozsefvarosi-kozossegekert-dijat\\\/#primaryimage\"},\"thumbnailUrl\":\"https:\\\/\\\/repaircafebudapest.hu\\\/wp-content\\\/uploads\\\/2025\\\/07\\\/522743406_1075074928046984_6806332436612739966_n.jpg\",\"keywords\":[\"civil kezdem\u00e9nyez\u00e9s\",\"d\u00edj\u00e1tad\u00f3 2025\",\"J\u00f3zsefv\u00e1rosi K\u00f6z\u00f6ss\u00e9gek\u00e9rt d\u00edj\"],\"articleSection\":[\"H\u00edrek\"],\"inLanguage\":\"en-GB\"},{\"@type\":\"WebPage\",\"@id\":\"https:\\\/\\\/repaircafebudapest.hu\\\/szavazz-ki-kapja-a-jozsefvarosi-kozossegekert-dijat\\\/\",\"url\":\"https:\\\/\\\/repaircafebudapest.hu\\\/szavazz-ki-kapja-a-jozsefvarosi-kozossegekert-dijat\\\/\",\"name\":\"Szavazz, ki kapja a J\u00f3zsefv\u00e1rosi K\u00f6z\u00f6ss\u00e9gek\u00e9rt d\u00edjat! - Repair Cafe Budapest\",\"isPartOf\":{\"@id\":\"https:\\\/\\\/repaircafebudapest.hu\\\/#website\"},\"primaryImageOfPage\":{\"@id\":\"https:\\\/\\\/repaircafebudapest.hu\\\/szavazz-ki-kapja-a-jozsefvarosi-kozossegekert-dijat\\\/#primaryimage\"},\"image\":{\"@id\":\"https:\\\/\\\/repaircafebudapest.hu\\\/szavazz-ki-kapja-a-jozsefvarosi-kozossegekert-dijat\\\/#primaryimage\"},\"thumbnailUrl\":\"https:\\\/\\\/repaircafebudapest.hu\\\/wp-content\\\/uploads\\\/2025\\\/07\\\/522743406_1075074928046984_6806332436612739966_n.jpg\",\"datePublished\":\"2025-07-30T21:56:18+00:00\",\"dateModified\":\"2026-01-13T07:47:29+00:00\",\"description\":\"J\u00f3zsefv\u00e1rosi K\u00f6z\u00f6ss\u00e9gek\u00e9rt d\u00edjra jel\u00f6ltek benn\u00fcnket! Szavazz r\u00e1nk, ha fontos neked a k\u00f6z\u00f6s jav\u00edt\u00e1s \u00e9s k\u00f6z\u00f6ss\u00e9g\u00e9p\u00edt\u00e9s!\",\"breadcrumb\":{\"@id\":\"https:\\\/\\\/repaircafebudapest.hu\\\/szavazz-ki-kapja-a-jozsefvarosi-kozossegekert-dijat\\\/#breadcrumb\"},\"inLanguage\":\"en-GB\",\"potentialAction\":[{\"@type\":\"ReadAction\",\"target\":[\"https:\\\/\\\/repaircafebudapest.hu\\\/szavazz-ki-kapja-a-jozsefvarosi-kozossegekert-dijat\\\/\"]}]},{\"@type\":\"ImageObject\",\"inLanguage\":\"en-GB\",\"@id\":\"https:\\\/\\\/repaircafebudapest.hu\\\/szavazz-ki-kapja-a-jozsefvarosi-kozossegekert-dijat\\\/#primaryimage\",\"url\":\"https:\\\/\\\/repaircafebudapest.hu\\\/wp-content\\\/uploads\\\/2025\\\/07\\\/522743406_1075074928046984_6806332436612739966_n.jpg\",\"contentUrl\":\"https:\\\/\\\/repaircafebudapest.hu\\\/wp-content\\\/uploads\\\/2025\\\/07\\\/522743406_1075074928046984_6806332436612739966_n.jpg\",\"width\":940,\"height\":788,\"caption\":\"Szavazz, ki kapja a J\u00f3zsefv\u00e1rosi K\u00f6z\u00f6ss\u00e9gek\u00e9rt d\u00edjat!\"},{\"@type\":\"BreadcrumbList\",\"@id\":\"https:\\\/\\\/repaircafebudapest.hu\\\/szavazz-ki-kapja-a-jozsefvarosi-kozossegekert-dijat\\\/#breadcrumb\",\"itemListElement\":[{\"@type\":\"ListItem\",\"position\":1,\"name\":\"Kezd\u0151lap\",\"item\":\"https:\\\/\\\/repaircafebudapest.hu\\\/\"},{\"@type\":\"ListItem\",\"position\":2,\"name\":\"Szavazz, ki kapja a J\u00f3zsefv\u00e1rosi K\u00f6z\u00f6ss\u00e9gek\u00e9rt d\u00edjat!\"}]},{\"@type\":\"WebSite\",\"@id\":\"https:\\\/\\\/repaircafebudapest.hu\\\/#website\",\"url\":\"https:\\\/\\\/repaircafebudapest.hu\\\/\",\"name\":\"Repair Cafe Budapest\",\"description\":\"Repair Cafe Budapest\",\"publisher\":{\"@id\":\"https:\\\/\\\/repaircafebudapest.hu\\\/#organization\"},\"potentialAction\":[{\"@type\":\"SearchAction\",\"target\":{\"@type\":\"EntryPoint\",\"urlTemplate\":\"https:\\\/\\\/repaircafebudapest.hu\\\/?s={search_term_string}\"},\"query-input\":{\"@type\":\"PropertyValueSpecification\",\"valueRequired\":true,\"valueName\":\"search_term_string\"}}],\"inLanguage\":\"en-GB\"},{\"@type\":\"Organization\",\"@id\":\"https:\\\/\\\/repaircafebudapest.hu\\\/#organization\",\"name\":\"Repair Cafe Budapest\",\"url\":\"https:\\\/\\\/repaircafebudapest.hu\\\/\",\"logo\":{\"@type\":\"ImageObject\",\"inLanguage\":\"en-GB\",\"@id\":\"https:\\\/\\\/repaircafebudapest.hu\\\/#\\\/schema\\\/logo\\\/image\\\/\",\"url\":\"https:\\\/\\\/repaircafebudapest.hu\\\/wp-content\\\/uploads\\\/2023\\\/11\\\/rcb-logo.webp\",\"contentUrl\":\"https:\\\/\\\/repaircafebudapest.hu\\\/wp-content\\\/uploads\\\/2023\\\/11\\\/rcb-logo.webp\",\"width\":2298,\"height\":1000,\"caption\":\"Repair Cafe Budapest\"},\"image\":{\"@id\":\"https:\\\/\\\/repaircafebudapest.hu\\\/#\\\/schema\\\/logo\\\/image\\\/\"},\"sameAs\":[\"https:\\\/\\\/www.facebook.com\\\/profile.php?id=61552754066692&locale=hu_HU\"]},{\"@type\":\"Person\",\"@id\":\"https:\\\/\\\/repaircafebudapest.hu\\\/#\\\/schema\\\/person\\\/ae0662ecc97cf2fe1fc2ee119636123a\",\"name\":\"admin\",\"image\":{\"@type\":\"ImageObject\",\"inLanguage\":\"en-GB\",\"@id\":\"https:\\\/\\\/secure.gravatar.com\\\/avatar\\\/17fda74479261581db21ac9276619b3b44ce9370ef39c2319fa371f0d034ec97?s=96&d=mm&r=g\",\"url\":\"https:\\\/\\\/secure.gravatar.com\\\/avatar\\\/17fda74479261581db21ac9276619b3b44ce9370ef39c2319fa371f0d034ec97?s=96&d=mm&r=g\",\"contentUrl\":\"https:\\\/\\\/secure.gravatar.com\\\/avatar\\\/17fda74479261581db21ac9276619b3b44ce9370ef39c2319fa371f0d034ec97?s=96&d=mm&r=g\",\"caption\":\"admin\"},\"sameAs\":[\"https:\\\/\\\/repaircafebudapest.hu\"],\"url\":\"https:\\\/\\\/repaircafebudapest.hu\\\/en\\\/author\\\/admin\\\/\"}]}<\/script>\n<!-- \/ Yoast SEO Premium plugin. -->","yoast_head_json":{"title":"Szavazz, ki kapja a J\u00f3zsefv\u00e1rosi K\u00f6z\u00f6ss\u00e9gek\u00e9rt d\u00edjat! - Repair Cafe Budapest","description":"J\u00f3zsefv\u00e1rosi K\u00f6z\u00f6ss\u00e9gek\u00e9rt d\u00edjra jel\u00f6ltek benn\u00fcnket! Szavazz r\u00e1nk, ha fontos neked a k\u00f6z\u00f6s jav\u00edt\u00e1s \u00e9s k\u00f6z\u00f6ss\u00e9g\u00e9p\u00edt\u00e9s!","robots":{"index":"index","follow":"follow","max-snippet":"max-snippet:-1","max-image-preview":"max-image-preview:large","max-video-preview":"max-video-preview:-1"},"canonical":"https:\/\/repaircafebudapest.hu\/en\/szavazz-ki-kapja-a-jozsefvarosi-kozossegekert-dijat\/","og_locale":"en_GB","og_type":"article","og_title":"Szavazz, ki kapja a J\u00f3zsefv\u00e1rosi K\u00f6z\u00f6ss\u00e9gek\u00e9rt d\u00edjat!","og_description":"J\u00f3zsefv\u00e1rosi K\u00f6z\u00f6ss\u00e9gek\u00e9rt d\u00edjra jel\u00f6ltek benn\u00fcnket! Szavazz r\u00e1nk, ha fontos neked a k\u00f6z\u00f6s jav\u00edt\u00e1s \u00e9s k\u00f6z\u00f6ss\u00e9g\u00e9p\u00edt\u00e9s!","og_url":"https:\/\/repaircafebudapest.hu\/en\/szavazz-ki-kapja-a-jozsefvarosi-kozossegekert-dijat\/","og_site_name":"Repair Cafe Budapest","article_publisher":"https:\/\/www.facebook.com\/profile.php?id=61552754066692&locale=hu_HU","article_published_time":"2025-07-30T21:56:18+00:00","article_modified_time":"2026-01-13T07:47:29+00:00","og_image":[{"width":940,"height":788,"url":"https:\/\/repaircafebudapest.hu\/wp-content\/uploads\/2025\/07\/522743406_1075074928046984_6806332436612739966_n.jpg","type":"image\/jpeg"}],"author":"admin","twitter_card":"summary_large_image","twitter_misc":{"Written by":"admin","Estimated reading time":"2 minutes"},"schema":{"@context":"https:\/\/schema.org","@graph":[{"@type":"Article","@id":"https:\/\/repaircafebudapest.hu\/szavazz-ki-kapja-a-jozsefvarosi-kozossegekert-dijat\/#article","isPartOf":{"@id":"https:\/\/repaircafebudapest.hu\/szavazz-ki-kapja-a-jozsefvarosi-kozossegekert-dijat\/"},"author":{"name":"admin","@id":"https:\/\/repaircafebudapest.hu\/#\/schema\/person\/ae0662ecc97cf2fe1fc2ee119636123a"},"headline":"Szavazz, ki kapja a J\u00f3zsefv\u00e1rosi K\u00f6z\u00f6ss\u00e9gek\u00e9rt d\u00edjat!","datePublished":"2025-07-30T21:56:18+00:00","dateModified":"2026-01-13T07:47:29+00:00","mainEntityOfPage":{"@id":"https:\/\/repaircafebudapest.hu\/szavazz-ki-kapja-a-jozsefvarosi-kozossegekert-dijat\/"},"wordCount":270,"publisher":{"@id":"https:\/\/repaircafebudapest.hu\/#organization"},"image":{"@id":"https:\/\/repaircafebudapest.hu\/szavazz-ki-kapja-a-jozsefvarosi-kozossegekert-dijat\/#primaryimage"},"thumbnailUrl":"https:\/\/repaircafebudapest.hu\/wp-content\/uploads\/2025\/07\/522743406_1075074928046984_6806332436612739966_n.jpg","keywords":["civil kezdem\u00e9nyez\u00e9s","d\u00edj\u00e1tad\u00f3 2025","J\u00f3zsefv\u00e1rosi K\u00f6z\u00f6ss\u00e9gek\u00e9rt d\u00edj"],"articleSection":["H\u00edrek"],"inLanguage":"en-GB"},{"@type":"WebPage","@id":"https:\/\/repaircafebudapest.hu\/szavazz-ki-kapja-a-jozsefvarosi-kozossegekert-dijat\/","url":"https:\/\/repaircafebudapest.hu\/szavazz-ki-kapja-a-jozsefvarosi-kozossegekert-dijat\/","name":"Szavazz, ki kapja a J\u00f3zsefv\u00e1rosi K\u00f6z\u00f6ss\u00e9gek\u00e9rt d\u00edjat! - Repair Cafe Budapest","isPartOf":{"@id":"https:\/\/repaircafebudapest.hu\/#website"},"primaryImageOfPage":{"@id":"https:\/\/repaircafebudapest.hu\/szavazz-ki-kapja-a-jozsefvarosi-kozossegekert-dijat\/#primaryimage"},"image":{"@id":"https:\/\/repaircafebudapest.hu\/szavazz-ki-kapja-a-jozsefvarosi-kozossegekert-dijat\/#primaryimage"},"thumbnailUrl":"https:\/\/repaircafebudapest.hu\/wp-content\/uploads\/2025\/07\/522743406_1075074928046984_6806332436612739966_n.jpg","datePublished":"2025-07-30T21:56:18+00:00","dateModified":"2026-01-13T07:47:29+00:00","description":"J\u00f3zsefv\u00e1rosi K\u00f6z\u00f6ss\u00e9gek\u00e9rt d\u00edjra jel\u00f6ltek benn\u00fcnket! Szavazz r\u00e1nk, ha fontos neked a k\u00f6z\u00f6s jav\u00edt\u00e1s \u00e9s k\u00f6z\u00f6ss\u00e9g\u00e9p\u00edt\u00e9s!","breadcrumb":{"@id":"https:\/\/repaircafebudapest.hu\/szavazz-ki-kapja-a-jozsefvarosi-kozossegekert-dijat\/#breadcrumb"},"inLanguage":"en-GB","potentialAction":[{"@type":"ReadAction","target":["https:\/\/repaircafebudapest.hu\/szavazz-ki-kapja-a-jozsefvarosi-kozossegekert-dijat\/"]}]},{"@type":"ImageObject","inLanguage":"en-GB","@id":"https:\/\/repaircafebudapest.hu\/szavazz-ki-kapja-a-jozsefvarosi-kozossegekert-dijat\/#primaryimage","url":"https:\/\/repaircafebudapest.hu\/wp-content\/uploads\/2025\/07\/522743406_1075074928046984_6806332436612739966_n.jpg","contentUrl":"https:\/\/repaircafebudapest.hu\/wp-content\/uploads\/2025\/07\/522743406_1075074928046984_6806332436612739966_n.jpg","width":940,"height":788,"caption":"Szavazz, ki kapja a J\u00f3zsefv\u00e1rosi K\u00f6z\u00f6ss\u00e9gek\u00e9rt d\u00edjat!"},{"@type":"BreadcrumbList","@id":"https:\/\/repaircafebudapest.hu\/szavazz-ki-kapja-a-jozsefvarosi-kozossegekert-dijat\/#breadcrumb","itemListElement":[{"@type":"ListItem","position":1,"name":"Kezd\u0151lap","item":"https:\/\/repaircafebudapest.hu\/"},{"@type":"ListItem","position":2,"name":"Szavazz, ki kapja a J\u00f3zsefv\u00e1rosi K\u00f6z\u00f6ss\u00e9gek\u00e9rt d\u00edjat!"}]},{"@type":"WebSite","@id":"https:\/\/repaircafebudapest.hu\/#website","url":"https:\/\/repaircafebudapest.hu\/","name":"Repair Cafe Budapest","description":"Repair Cafe Budapest","publisher":{"@id":"https:\/\/repaircafebudapest.hu\/#organization"},"potentialAction":[{"@type":"SearchAction","target":{"@type":"EntryPoint","urlTemplate":"https:\/\/repaircafebudapest.hu\/?s={search_term_string}"},"query-input":{"@type":"PropertyValueSpecification","valueRequired":true,"valueName":"search_term_string"}}],"inLanguage":"en-GB"},{"@type":"Organization","@id":"https:\/\/repaircafebudapest.hu\/#organization","name":"Repair Cafe Budapest","url":"https:\/\/repaircafebudapest.hu\/","logo":{"@type":"ImageObject","inLanguage":"en-GB","@id":"https:\/\/repaircafebudapest.hu\/#\/schema\/logo\/image\/","url":"https:\/\/repaircafebudapest.hu\/wp-content\/uploads\/2023\/11\/rcb-logo.webp","contentUrl":"https:\/\/repaircafebudapest.hu\/wp-content\/uploads\/2023\/11\/rcb-logo.webp","width":2298,"height":1000,"caption":"Repair Cafe Budapest"},"image":{"@id":"https:\/\/repaircafebudapest.hu\/#\/schema\/logo\/image\/"},"sameAs":["https:\/\/www.facebook.com\/profile.php?id=61552754066692&locale=hu_HU"]},{"@type":"Person","@id":"https:\/\/repaircafebudapest.hu\/#\/schema\/person\/ae0662ecc97cf2fe1fc2ee119636123a","name":"admin","image":{"@type":"ImageObject","inLanguage":"en-GB","@id":"https:\/\/secure.gravatar.com\/avatar\/17fda74479261581db21ac9276619b3b44ce9370ef39c2319fa371f0d034ec97?s=96&d=mm&r=g","url":"https:\/\/secure.gravatar.com\/avatar\/17fda74479261581db21ac9276619b3b44ce9370ef39c2319fa371f0d034ec97?s=96&d=mm&r=g","contentUrl":"https:\/\/secure.gravatar.com\/avatar\/17fda74479261581db21ac9276619b3b44ce9370ef39c2319fa371f0d034ec97?s=96&d=mm&r=g","caption":"admin"},"sameAs":["https:\/\/repaircafebudapest.hu"],"url":"https:\/\/repaircafebudapest.hu\/en\/author\/admin\/"}]}},"_links":{"self":[{"href":"https:\/\/repaircafebudapest.hu\/en\/wp-json\/wp\/v2\/posts\/1320","targetHints":{"allow":["GET"]}}],"collection":[{"href":"https:\/\/repaircafebudapest.hu\/en\/wp-json\/wp\/v2\/posts"}],"about":[{"href":"https:\/\/repaircafebudapest.hu\/en\/wp-json\/wp\/v2\/types\/post"}],"author":[{"embeddable":true,"href":"https:\/\/repaircafebudapest.hu\/en\/wp-json\/wp\/v2\/users\/1"}],"replies":[{"embeddable":true,"href":"https:\/\/repaircafebudapest.hu\/en\/wp-json\/wp\/v2\/comments?post=1320"}],"version-history":[{"count":3,"href":"https:\/\/repaircafebudapest.hu\/en\/wp-json\/wp\/v2\/posts\/1320\/revisions"}],"predecessor-version":[{"id":1323,"href":"https:\/\/repaircafebudapest.hu\/en\/wp-json\/wp\/v2\/posts\/1320\/revisions\/1323"}],"wp:featuredmedia":[{"embeddable":true,"href":"https:\/\/repaircafebudapest.hu\/en\/wp-json\/wp\/v2\/media\/1318"}],"wp:attachment":[{"href":"https:\/\/repaircafebudapest.hu\/en\/wp-json\/wp\/v2\/media?parent=1320"}],"wp:term":[{"taxonomy":"category","embeddable":true,"href":"https:\/\/repaircafebudapest.hu\/en\/wp-json\/wp\/v2\/categories?post=1320"},{"taxonomy":"post_tag","embeddable":true,"href":"https:\/\/repaircafebudapest.hu\/en\/wp-json\/wp\/v2\/tags?post=1320"}],"curies":[{"name":"wp","href":"https:\/\/api.w.org\/{rel}","templated":true}]}}