{"id":1306,"date":"2025-07-28T22:57:36","date_gmt":"2025-07-28T21:57:36","guid":{"rendered":"https:\/\/repaircafebudapest.hu\/?p=1306"},"modified":"2026-01-13T08:47:30","modified_gmt":"2026-01-13T07:47:30","slug":"kozossegi-szerelde-a-teleki-teren-ahol-a-targyak-es-a-lelkek-is-uj-eletet-kapnak","status":"publish","type":"post","link":"https:\/\/repaircafebudapest.hu\/en\/kozossegi-szerelde-a-teleki-teren-ahol-a-targyak-es-a-lelkek-is-uj-eletet-kapnak\/","title":{"rendered":"K\u00f6z\u00f6ss\u00e9gi Szerelde a Teleki t\u00e9ren \u2013 ahol a t\u00e1rgyak \u00e9s a lelkek is \u00faj \u00e9letet kapnak"},"content":{"rendered":"<h2 class=\"elementor-heading-title elementor-size-default\">Szerelde ny\u00fa\u00fa\u00faz<\/h2>\n<p>&nbsp;<\/p>\n<p><strong>M\u00e1sf\u00e9l \u00e9vvel ezel\u0151tt, 2023 december\u00e9ben ny\u00edlt meg a Teleki t\u00e9ren a K\u00f6z\u00f6ss\u00e9gi Szerelde, m\u00e1s n\u00e9ven Repair Caf\u00e9. Egy olyan hely, ahol nemcsak t\u00e1rgyakat, hanem szeml\u00e9letet is \u201emegjav\u00edtunk\u201d. De vajon mit\u0151l \u201eszerelde\u201d \u00e9s mi\u00e9rt \u201ecaf\u00e9\u201d? Havi egy sztorival indul a Szerelde ny\u00fa\u00fa\u00faz.<\/strong><\/p>\n<p>A <a href=\"https:\/\/repaircafebudapest.hu\/en\/\" target=\"_blank\" rel=\"noreferrer noopener\">\u201eSzerelde\u201d<\/a> n\u00e1lunk nem klasszikus szervizt jelent. Itt nem adjuk le a meghib\u00e1sodott t\u00e1rgyakat \u00fagy, ahogy a nagyit szok\u00e1s a k\u00f3rh\u00e1zban \u201eotthagyni\u201d, am\u00edg fel\u00e9p\u00fcl. Ehelyett mindenki akt\u00edv r\u00e9szes\u00e9v\u00e9 v\u00e1lik a jav\u00edt\u00e1snak, egy\u00fctt dolgozunk azon, hogy egy t\u00e1rgy \u00fajra haszn\u00e1lhat\u00f3 legyen.<\/p>\n<p>Szakembereink seg\u00edts\u00e9g\u00e9vel keltj\u00fck \u00e9letre az elromlott, meghib\u00e1sodott eszk\u00f6z\u00f6ket, adunk \u00faj form\u00e1t vagy funkci\u00f3t egy elny\u0171tt ruhadarabnak, szerel\u00fcnk ker\u00e9kp\u00e1rt \u00e9s bev\u00e1s\u00e1rl\u00f3kocsit is. A k\u00fcl\u00f6nlegess\u00e9g \u00e9ppen abban rejlik, hogy nemcsak mi dolgozunk rajta \u2013 hanem k\u00f6z\u00f6sen, a t\u00e1rgy tulajdonos\u00e1val egy\u00fctt.<\/p>\n<blockquote><p><em>Itt fontos a szem\u00e9lyes kapcsolat, a k\u00f6z\u00f6s \u201egy\u00f3gy\u00edt\u00e1s\u201d \u00e9s a tud\u00e1s \u00e1tad\u00e1sa.<\/em><\/p><\/blockquote>\n<p>Sokan els\u0151re megijednek \u2013 \u201e\u00c9n ezt biztos nem tudom megcsin\u00e1lni!\u201d \u2013, de mi v\u00e9gigvezetj\u00fck \u0151ket a folyamaton. Nem \u0151k v\u00e9gzik az \u201e\u00e9letment\u0151 m\u0171t\u00e9tet\u201d, viszont assziszt\u00e1lhatnak k\u00f6zben, k\u00e9rdezhetnek, ismereteket szerezhetnek, \u00e9rezhetik szem\u00e9lyes kompetenci\u00e1jukat.<\/p>\n<p>A m\u00e1sik nagy el\u0151ny \u2013 ami sokaknak val\u00f3di k\u00f6nnyebbs\u00e9g \u2013, hogy ez\u00e9rt a szolg\u00e1ltat\u00e1s\u00e9rt nem kell fizetni, mik\u00f6zben milyen j\u00f3 \u00e9rz\u00e9s az is, hogy az elromlott t\u00e1rgy nem a kuk\u00e1ban, hanem ism\u00e9t a haszn\u00e1latban k\u00f6t ki.<\/p>\n<p>Egy nagymama az unok\u00e1j\u00e1val egy\u00fctt \u00e9rkezett b\u0151 egy \u00e9vvel ezel\u0151tt, \u00e9s megtanultak forrasztani. Az\u00f3ta el\u0151fordul, hogy a nagyi m\u00e1r csak online k\u00e9r tan\u00e1csot, egyed\u00fcl b\u00fctyk\u00f6l otthon.<\/p>\n<p>De kaptunk m\u00e1r hasonl\u00f3 seg\u00edts\u00e9gk\u00e9r\u00e9st Londonb\u00f3l is.<\/p>\n<p>Azoknak pedig, akik nehezebben mozognak az online t\u00e9rben, helyben \u00e9s telefonon is rendelkez\u00e9s\u00fckre \u00e1llunk, id\u0151pontot vagy tan\u00e1csot adunk, illetve a k\u00edv\u00e1ns\u00e1gaikat be\u00edrjuk a soha el nem kall\u00f3d\u00f3 Nagy Piros F\u00fczetbe a telefonsz\u00e1mukkal egy\u00fctt.<\/p>\n<p>&nbsp;<\/p>\n<h2 class=\"wp-block-heading\">\u00c9s hogy mit\u0151l caf\u00e9?<\/h2>\n<p>Nem vagyunk hagyom\u00e1nyos k\u00e1v\u00e9z\u00f3, ink\u00e1bb egy olyan k\u00f6z\u00f6ss\u00e9gi hely, ahova bet\u00e9rve<\/p>\n<blockquote><p><em>\u00e9vszakt\u00f3l f\u00fcgg\u0151en b\u00e1rki kaphat egy forr\u00f3 k\u00e1v\u00e9t, te\u00e1t vagy hideg \u00fcd\u00edt\u0151t.<\/em><\/p><\/blockquote>\n<p>\u00c9vszakt\u00f3l f\u00fcggetlen\u00fcl pedig k\u00e9rhet seg\u00edts\u00e9get vagy csak elmondhatja, ami a sz\u00edv\u00e9t nyomja, ha \u00e9ppen arra van sz\u00fcks\u00e9ge, hogy meghallgass\u00e1k. A K\u00f6z\u00f6ss\u00e9gi Szerelde nem csak egy hely \u2013 egy szeml\u00e9let, ahol emberek \u00e9s t\u00e1rgyak is es\u00e9lyt kapnak egy m\u00e1sodik \u00e9letre.<\/p>\n<p>&nbsp;<\/p>\n<p style=\"text-align: right;\">Forr\u00e1s: <a href=\"https:\/\/jozsefvarosujsag.hu\/kozossegi-szerelde-a-teleki-teren-ahol-a-targyak-es-a-lelkek-is-uj-eletet-kapnak\/\">K\u00f6z\u00f6ss\u00e9gi Szerelde a Teleki t\u00e9ren \u2013 ahol a t\u00e1rgyak \u00e9s a lelkek is \u00faj \u00e9letet kapnak<\/a><\/p>","protected":false},"excerpt":{"rendered":"<p>Szerelde ny\u00fa\u00fa\u00faz &nbsp; M\u00e1sf\u00e9l \u00e9vvel ezel\u0151tt, 2023 december\u00e9ben ny\u00edlt meg a Teleki t\u00e9ren a K\u00f6z\u00f6ss\u00e9gi Szerelde, m\u00e1s n\u00e9ven Repair Caf\u00e9. Egy olyan hely, ahol nemcsak t\u00e1rgyakat, hanem szeml\u00e9letet is \u201emegjav\u00edtunk\u201d. De vajon mit\u0151l \u201eszerelde\u201d \u00e9s mi\u00e9rt \u201ecaf\u00e9\u201d? Havi egy sztorival indul a Szerelde ny\u00fa\u00fa\u00faz. A \u201eSzerelde\u201d n\u00e1lunk nem klasszikus szervizt jelent. Itt nem adjuk le [&hellip;]<\/p>\n","protected":false},"author":1,"featured_media":1307,"comment_status":"closed","ping_status":"open","sticky":false,"template":"","format":"standard","meta":{"_acf_changed":false,"footnotes":""},"categories":[130],"tags":[],"class_list":["post-1306","post","type-post","status-publish","format-standard","has-post-thumbnail","hentry","category-hirek"],"acf":[],"yoast_head":"<!-- This site is optimized with the Yoast SEO Premium plugin v27.4 (Yoast SEO v27.4) - https:\/\/yoast.com\/product\/yoast-seo-premium-wordpress\/ -->\n<title>K\u00f6z\u00f6ss\u00e9gi Szerelde a Teleki t\u00e9ren \u2013 ahol a t\u00e1rgyak \u00e9s a lelkek is \u00faj \u00e9letet kapnak - Repair Cafe Budapest<\/title>\n<meta name=\"description\" content=\"Havi egy sztorival indul a Szerelde ny\u00fa\u00fa\u00faz.\" \/>\n<meta name=\"robots\" content=\"index, follow, max-snippet:-1, max-image-preview:large, max-video-preview:-1\" \/>\n<link rel=\"canonical\" href=\"https:\/\/repaircafebudapest.hu\/en\/kozossegi-szerelde-a-teleki-teren-ahol-a-targyak-es-a-lelkek-is-uj-eletet-kapnak\/\" \/>\n<meta property=\"og:locale\" content=\"en_GB\" \/>\n<meta property=\"og:type\" content=\"article\" \/>\n<meta property=\"og:title\" content=\"K\u00f6z\u00f6ss\u00e9gi Szerelde a Teleki t\u00e9ren \u2013 ahol a t\u00e1rgyak \u00e9s a lelkek is \u00faj \u00e9letet kapnak\" \/>\n<meta property=\"og:description\" content=\"Havi egy sztorival indul a Szerelde ny\u00fa\u00fa\u00faz.\" \/>\n<meta property=\"og:url\" content=\"https:\/\/repaircafebudapest.hu\/en\/kozossegi-szerelde-a-teleki-teren-ahol-a-targyak-es-a-lelkek-is-uj-eletet-kapnak\/\" \/>\n<meta property=\"og:site_name\" content=\"Repair Cafe Budapest\" \/>\n<meta property=\"article:publisher\" content=\"https:\/\/www.facebook.com\/profile.php?id=61552754066692&amp;locale=hu_HU\" \/>\n<meta property=\"article:published_time\" content=\"2025-07-28T21:57:36+00:00\" \/>\n<meta property=\"article:modified_time\" content=\"2026-01-13T07:47:30+00:00\" \/>\n<meta property=\"og:image\" content=\"https:\/\/repaircafebudapest.hu\/wp-content\/uploads\/2025\/07\/KR_20231201_2404_kicsi-r8xs2udci1nv00xlr04gtsm1ws7c184bdinf6vzcwk.jpg\" \/>\n\t<meta property=\"og:image:width\" content=\"924\" \/>\n\t<meta property=\"og:image:height\" content=\"514\" \/>\n\t<meta property=\"og:image:type\" content=\"image\/jpeg\" \/>\n<meta name=\"author\" content=\"admin\" \/>\n<meta name=\"twitter:card\" content=\"summary_large_image\" \/>\n<meta name=\"twitter:label1\" content=\"Written by\" \/>\n\t<meta name=\"twitter:data1\" content=\"admin\" \/>\n\t<meta name=\"twitter:label2\" content=\"Estimated reading time\" \/>\n\t<meta name=\"twitter:data2\" content=\"2 minutes\" \/>\n<script type=\"application\/ld+json\" class=\"yoast-schema-graph\">{\"@context\":\"https:\\\/\\\/schema.org\",\"@graph\":[{\"@type\":\"Article\",\"@id\":\"https:\\\/\\\/repaircafebudapest.hu\\\/kozossegi-szerelde-a-teleki-teren-ahol-a-targyak-es-a-lelkek-is-uj-eletet-kapnak\\\/#article\",\"isPartOf\":{\"@id\":\"https:\\\/\\\/repaircafebudapest.hu\\\/kozossegi-szerelde-a-teleki-teren-ahol-a-targyak-es-a-lelkek-is-uj-eletet-kapnak\\\/\"},\"author\":{\"name\":\"admin\",\"@id\":\"https:\\\/\\\/repaircafebudapest.hu\\\/#\\\/schema\\\/person\\\/ae0662ecc97cf2fe1fc2ee119636123a\"},\"headline\":\"K\u00f6z\u00f6ss\u00e9gi Szerelde a Teleki t\u00e9ren \u2013 ahol a t\u00e1rgyak \u00e9s a lelkek is \u00faj \u00e9letet kapnak\",\"datePublished\":\"2025-07-28T21:57:36+00:00\",\"dateModified\":\"2026-01-13T07:47:30+00:00\",\"mainEntityOfPage\":{\"@id\":\"https:\\\/\\\/repaircafebudapest.hu\\\/kozossegi-szerelde-a-teleki-teren-ahol-a-targyak-es-a-lelkek-is-uj-eletet-kapnak\\\/\"},\"wordCount\":533,\"publisher\":{\"@id\":\"https:\\\/\\\/repaircafebudapest.hu\\\/#organization\"},\"image\":{\"@id\":\"https:\\\/\\\/repaircafebudapest.hu\\\/kozossegi-szerelde-a-teleki-teren-ahol-a-targyak-es-a-lelkek-is-uj-eletet-kapnak\\\/#primaryimage\"},\"thumbnailUrl\":\"https:\\\/\\\/repaircafebudapest.hu\\\/wp-content\\\/uploads\\\/2025\\\/07\\\/KR_20231201_2404_kicsi-r8xs2udci1nv00xlr04gtsm1ws7c184bdinf6vzcwk.jpg\",\"articleSection\":[\"H\u00edrek\"],\"inLanguage\":\"en-GB\"},{\"@type\":\"WebPage\",\"@id\":\"https:\\\/\\\/repaircafebudapest.hu\\\/kozossegi-szerelde-a-teleki-teren-ahol-a-targyak-es-a-lelkek-is-uj-eletet-kapnak\\\/\",\"url\":\"https:\\\/\\\/repaircafebudapest.hu\\\/kozossegi-szerelde-a-teleki-teren-ahol-a-targyak-es-a-lelkek-is-uj-eletet-kapnak\\\/\",\"name\":\"K\u00f6z\u00f6ss\u00e9gi Szerelde a Teleki t\u00e9ren \u2013 ahol a t\u00e1rgyak \u00e9s a lelkek is \u00faj \u00e9letet kapnak - Repair Cafe Budapest\",\"isPartOf\":{\"@id\":\"https:\\\/\\\/repaircafebudapest.hu\\\/#website\"},\"primaryImageOfPage\":{\"@id\":\"https:\\\/\\\/repaircafebudapest.hu\\\/kozossegi-szerelde-a-teleki-teren-ahol-a-targyak-es-a-lelkek-is-uj-eletet-kapnak\\\/#primaryimage\"},\"image\":{\"@id\":\"https:\\\/\\\/repaircafebudapest.hu\\\/kozossegi-szerelde-a-teleki-teren-ahol-a-targyak-es-a-lelkek-is-uj-eletet-kapnak\\\/#primaryimage\"},\"thumbnailUrl\":\"https:\\\/\\\/repaircafebudapest.hu\\\/wp-content\\\/uploads\\\/2025\\\/07\\\/KR_20231201_2404_kicsi-r8xs2udci1nv00xlr04gtsm1ws7c184bdinf6vzcwk.jpg\",\"datePublished\":\"2025-07-28T21:57:36+00:00\",\"dateModified\":\"2026-01-13T07:47:30+00:00\",\"description\":\"Havi egy sztorival indul a Szerelde ny\u00fa\u00fa\u00faz.\",\"breadcrumb\":{\"@id\":\"https:\\\/\\\/repaircafebudapest.hu\\\/kozossegi-szerelde-a-teleki-teren-ahol-a-targyak-es-a-lelkek-is-uj-eletet-kapnak\\\/#breadcrumb\"},\"inLanguage\":\"en-GB\",\"potentialAction\":[{\"@type\":\"ReadAction\",\"target\":[\"https:\\\/\\\/repaircafebudapest.hu\\\/kozossegi-szerelde-a-teleki-teren-ahol-a-targyak-es-a-lelkek-is-uj-eletet-kapnak\\\/\"]}]},{\"@type\":\"ImageObject\",\"inLanguage\":\"en-GB\",\"@id\":\"https:\\\/\\\/repaircafebudapest.hu\\\/kozossegi-szerelde-a-teleki-teren-ahol-a-targyak-es-a-lelkek-is-uj-eletet-kapnak\\\/#primaryimage\",\"url\":\"https:\\\/\\\/repaircafebudapest.hu\\\/wp-content\\\/uploads\\\/2025\\\/07\\\/KR_20231201_2404_kicsi-r8xs2udci1nv00xlr04gtsm1ws7c184bdinf6vzcwk.jpg\",\"contentUrl\":\"https:\\\/\\\/repaircafebudapest.hu\\\/wp-content\\\/uploads\\\/2025\\\/07\\\/KR_20231201_2404_kicsi-r8xs2udci1nv00xlr04gtsm1ws7c184bdinf6vzcwk.jpg\",\"width\":924,\"height\":514,\"caption\":\"K\u00f6z\u00f6ss\u00e9gi Szerelde a Teleki t\u00e9ren \u2013 ahol a t\u00e1rgyak \u00e9s a lelkek is \u00faj \u00e9letet kapnak\"},{\"@type\":\"BreadcrumbList\",\"@id\":\"https:\\\/\\\/repaircafebudapest.hu\\\/kozossegi-szerelde-a-teleki-teren-ahol-a-targyak-es-a-lelkek-is-uj-eletet-kapnak\\\/#breadcrumb\",\"itemListElement\":[{\"@type\":\"ListItem\",\"position\":1,\"name\":\"Kezd\u0151lap\",\"item\":\"https:\\\/\\\/repaircafebudapest.hu\\\/\"},{\"@type\":\"ListItem\",\"position\":2,\"name\":\"K\u00f6z\u00f6ss\u00e9gi Szerelde a Teleki t\u00e9ren \u2013 ahol a t\u00e1rgyak \u00e9s a lelkek is \u00faj \u00e9letet kapnak\"}]},{\"@type\":\"WebSite\",\"@id\":\"https:\\\/\\\/repaircafebudapest.hu\\\/#website\",\"url\":\"https:\\\/\\\/repaircafebudapest.hu\\\/\",\"name\":\"Repair Cafe Budapest\",\"description\":\"Repair Cafe Budapest\",\"publisher\":{\"@id\":\"https:\\\/\\\/repaircafebudapest.hu\\\/#organization\"},\"potentialAction\":[{\"@type\":\"SearchAction\",\"target\":{\"@type\":\"EntryPoint\",\"urlTemplate\":\"https:\\\/\\\/repaircafebudapest.hu\\\/?s={search_term_string}\"},\"query-input\":{\"@type\":\"PropertyValueSpecification\",\"valueRequired\":true,\"valueName\":\"search_term_string\"}}],\"inLanguage\":\"en-GB\"},{\"@type\":\"Organization\",\"@id\":\"https:\\\/\\\/repaircafebudapest.hu\\\/#organization\",\"name\":\"Repair Cafe Budapest\",\"url\":\"https:\\\/\\\/repaircafebudapest.hu\\\/\",\"logo\":{\"@type\":\"ImageObject\",\"inLanguage\":\"en-GB\",\"@id\":\"https:\\\/\\\/repaircafebudapest.hu\\\/#\\\/schema\\\/logo\\\/image\\\/\",\"url\":\"https:\\\/\\\/repaircafebudapest.hu\\\/wp-content\\\/uploads\\\/2023\\\/11\\\/rcb-logo.webp\",\"contentUrl\":\"https:\\\/\\\/repaircafebudapest.hu\\\/wp-content\\\/uploads\\\/2023\\\/11\\\/rcb-logo.webp\",\"width\":2298,\"height\":1000,\"caption\":\"Repair Cafe Budapest\"},\"image\":{\"@id\":\"https:\\\/\\\/repaircafebudapest.hu\\\/#\\\/schema\\\/logo\\\/image\\\/\"},\"sameAs\":[\"https:\\\/\\\/www.facebook.com\\\/profile.php?id=61552754066692&locale=hu_HU\"]},{\"@type\":\"Person\",\"@id\":\"https:\\\/\\\/repaircafebudapest.hu\\\/#\\\/schema\\\/person\\\/ae0662ecc97cf2fe1fc2ee119636123a\",\"name\":\"admin\",\"image\":{\"@type\":\"ImageObject\",\"inLanguage\":\"en-GB\",\"@id\":\"https:\\\/\\\/secure.gravatar.com\\\/avatar\\\/17fda74479261581db21ac9276619b3b44ce9370ef39c2319fa371f0d034ec97?s=96&d=mm&r=g\",\"url\":\"https:\\\/\\\/secure.gravatar.com\\\/avatar\\\/17fda74479261581db21ac9276619b3b44ce9370ef39c2319fa371f0d034ec97?s=96&d=mm&r=g\",\"contentUrl\":\"https:\\\/\\\/secure.gravatar.com\\\/avatar\\\/17fda74479261581db21ac9276619b3b44ce9370ef39c2319fa371f0d034ec97?s=96&d=mm&r=g\",\"caption\":\"admin\"},\"sameAs\":[\"https:\\\/\\\/repaircafebudapest.hu\"],\"url\":\"https:\\\/\\\/repaircafebudapest.hu\\\/en\\\/author\\\/admin\\\/\"}]}<\/script>\n<!-- \/ Yoast SEO Premium plugin. -->","yoast_head_json":{"title":"K\u00f6z\u00f6ss\u00e9gi Szerelde a Teleki t\u00e9ren \u2013 ahol a t\u00e1rgyak \u00e9s a lelkek is \u00faj \u00e9letet kapnak - Repair Cafe Budapest","description":"Havi egy sztorival indul a Szerelde ny\u00fa\u00fa\u00faz.","robots":{"index":"index","follow":"follow","max-snippet":"max-snippet:-1","max-image-preview":"max-image-preview:large","max-video-preview":"max-video-preview:-1"},"canonical":"https:\/\/repaircafebudapest.hu\/en\/kozossegi-szerelde-a-teleki-teren-ahol-a-targyak-es-a-lelkek-is-uj-eletet-kapnak\/","og_locale":"en_GB","og_type":"article","og_title":"K\u00f6z\u00f6ss\u00e9gi Szerelde a Teleki t\u00e9ren \u2013 ahol a t\u00e1rgyak \u00e9s a lelkek is \u00faj \u00e9letet kapnak","og_description":"Havi egy sztorival indul a Szerelde ny\u00fa\u00fa\u00faz.","og_url":"https:\/\/repaircafebudapest.hu\/en\/kozossegi-szerelde-a-teleki-teren-ahol-a-targyak-es-a-lelkek-is-uj-eletet-kapnak\/","og_site_name":"Repair Cafe Budapest","article_publisher":"https:\/\/www.facebook.com\/profile.php?id=61552754066692&locale=hu_HU","article_published_time":"2025-07-28T21:57:36+00:00","article_modified_time":"2026-01-13T07:47:30+00:00","og_image":[{"width":924,"height":514,"url":"https:\/\/repaircafebudapest.hu\/wp-content\/uploads\/2025\/07\/KR_20231201_2404_kicsi-r8xs2udci1nv00xlr04gtsm1ws7c184bdinf6vzcwk.jpg","type":"image\/jpeg"}],"author":"admin","twitter_card":"summary_large_image","twitter_misc":{"Written by":"admin","Estimated reading time":"2 minutes"},"schema":{"@context":"https:\/\/schema.org","@graph":[{"@type":"Article","@id":"https:\/\/repaircafebudapest.hu\/kozossegi-szerelde-a-teleki-teren-ahol-a-targyak-es-a-lelkek-is-uj-eletet-kapnak\/#article","isPartOf":{"@id":"https:\/\/repaircafebudapest.hu\/kozossegi-szerelde-a-teleki-teren-ahol-a-targyak-es-a-lelkek-is-uj-eletet-kapnak\/"},"author":{"name":"admin","@id":"https:\/\/repaircafebudapest.hu\/#\/schema\/person\/ae0662ecc97cf2fe1fc2ee119636123a"},"headline":"K\u00f6z\u00f6ss\u00e9gi Szerelde a Teleki t\u00e9ren \u2013 ahol a t\u00e1rgyak \u00e9s a lelkek is \u00faj \u00e9letet kapnak","datePublished":"2025-07-28T21:57:36+00:00","dateModified":"2026-01-13T07:47:30+00:00","mainEntityOfPage":{"@id":"https:\/\/repaircafebudapest.hu\/kozossegi-szerelde-a-teleki-teren-ahol-a-targyak-es-a-lelkek-is-uj-eletet-kapnak\/"},"wordCount":533,"publisher":{"@id":"https:\/\/repaircafebudapest.hu\/#organization"},"image":{"@id":"https:\/\/repaircafebudapest.hu\/kozossegi-szerelde-a-teleki-teren-ahol-a-targyak-es-a-lelkek-is-uj-eletet-kapnak\/#primaryimage"},"thumbnailUrl":"https:\/\/repaircafebudapest.hu\/wp-content\/uploads\/2025\/07\/KR_20231201_2404_kicsi-r8xs2udci1nv00xlr04gtsm1ws7c184bdinf6vzcwk.jpg","articleSection":["H\u00edrek"],"inLanguage":"en-GB"},{"@type":"WebPage","@id":"https:\/\/repaircafebudapest.hu\/kozossegi-szerelde-a-teleki-teren-ahol-a-targyak-es-a-lelkek-is-uj-eletet-kapnak\/","url":"https:\/\/repaircafebudapest.hu\/kozossegi-szerelde-a-teleki-teren-ahol-a-targyak-es-a-lelkek-is-uj-eletet-kapnak\/","name":"K\u00f6z\u00f6ss\u00e9gi Szerelde a Teleki t\u00e9ren \u2013 ahol a t\u00e1rgyak \u00e9s a lelkek is \u00faj \u00e9letet kapnak - Repair Cafe Budapest","isPartOf":{"@id":"https:\/\/repaircafebudapest.hu\/#website"},"primaryImageOfPage":{"@id":"https:\/\/repaircafebudapest.hu\/kozossegi-szerelde-a-teleki-teren-ahol-a-targyak-es-a-lelkek-is-uj-eletet-kapnak\/#primaryimage"},"image":{"@id":"https:\/\/repaircafebudapest.hu\/kozossegi-szerelde-a-teleki-teren-ahol-a-targyak-es-a-lelkek-is-uj-eletet-kapnak\/#primaryimage"},"thumbnailUrl":"https:\/\/repaircafebudapest.hu\/wp-content\/uploads\/2025\/07\/KR_20231201_2404_kicsi-r8xs2udci1nv00xlr04gtsm1ws7c184bdinf6vzcwk.jpg","datePublished":"2025-07-28T21:57:36+00:00","dateModified":"2026-01-13T07:47:30+00:00","description":"Havi egy sztorival indul a Szerelde ny\u00fa\u00fa\u00faz.","breadcrumb":{"@id":"https:\/\/repaircafebudapest.hu\/kozossegi-szerelde-a-teleki-teren-ahol-a-targyak-es-a-lelkek-is-uj-eletet-kapnak\/#breadcrumb"},"inLanguage":"en-GB","potentialAction":[{"@type":"ReadAction","target":["https:\/\/repaircafebudapest.hu\/kozossegi-szerelde-a-teleki-teren-ahol-a-targyak-es-a-lelkek-is-uj-eletet-kapnak\/"]}]},{"@type":"ImageObject","inLanguage":"en-GB","@id":"https:\/\/repaircafebudapest.hu\/kozossegi-szerelde-a-teleki-teren-ahol-a-targyak-es-a-lelkek-is-uj-eletet-kapnak\/#primaryimage","url":"https:\/\/repaircafebudapest.hu\/wp-content\/uploads\/2025\/07\/KR_20231201_2404_kicsi-r8xs2udci1nv00xlr04gtsm1ws7c184bdinf6vzcwk.jpg","contentUrl":"https:\/\/repaircafebudapest.hu\/wp-content\/uploads\/2025\/07\/KR_20231201_2404_kicsi-r8xs2udci1nv00xlr04gtsm1ws7c184bdinf6vzcwk.jpg","width":924,"height":514,"caption":"K\u00f6z\u00f6ss\u00e9gi Szerelde a Teleki t\u00e9ren \u2013 ahol a t\u00e1rgyak \u00e9s a lelkek is \u00faj \u00e9letet kapnak"},{"@type":"BreadcrumbList","@id":"https:\/\/repaircafebudapest.hu\/kozossegi-szerelde-a-teleki-teren-ahol-a-targyak-es-a-lelkek-is-uj-eletet-kapnak\/#breadcrumb","itemListElement":[{"@type":"ListItem","position":1,"name":"Kezd\u0151lap","item":"https:\/\/repaircafebudapest.hu\/"},{"@type":"ListItem","position":2,"name":"K\u00f6z\u00f6ss\u00e9gi Szerelde a Teleki t\u00e9ren \u2013 ahol a t\u00e1rgyak \u00e9s a lelkek is \u00faj \u00e9letet kapnak"}]},{"@type":"WebSite","@id":"https:\/\/repaircafebudapest.hu\/#website","url":"https:\/\/repaircafebudapest.hu\/","name":"Repair Cafe Budapest","description":"Repair Cafe Budapest","publisher":{"@id":"https:\/\/repaircafebudapest.hu\/#organization"},"potentialAction":[{"@type":"SearchAction","target":{"@type":"EntryPoint","urlTemplate":"https:\/\/repaircafebudapest.hu\/?s={search_term_string}"},"query-input":{"@type":"PropertyValueSpecification","valueRequired":true,"valueName":"search_term_string"}}],"inLanguage":"en-GB"},{"@type":"Organization","@id":"https:\/\/repaircafebudapest.hu\/#organization","name":"Repair Cafe Budapest","url":"https:\/\/repaircafebudapest.hu\/","logo":{"@type":"ImageObject","inLanguage":"en-GB","@id":"https:\/\/repaircafebudapest.hu\/#\/schema\/logo\/image\/","url":"https:\/\/repaircafebudapest.hu\/wp-content\/uploads\/2023\/11\/rcb-logo.webp","contentUrl":"https:\/\/repaircafebudapest.hu\/wp-content\/uploads\/2023\/11\/rcb-logo.webp","width":2298,"height":1000,"caption":"Repair Cafe Budapest"},"image":{"@id":"https:\/\/repaircafebudapest.hu\/#\/schema\/logo\/image\/"},"sameAs":["https:\/\/www.facebook.com\/profile.php?id=61552754066692&locale=hu_HU"]},{"@type":"Person","@id":"https:\/\/repaircafebudapest.hu\/#\/schema\/person\/ae0662ecc97cf2fe1fc2ee119636123a","name":"admin","image":{"@type":"ImageObject","inLanguage":"en-GB","@id":"https:\/\/secure.gravatar.com\/avatar\/17fda74479261581db21ac9276619b3b44ce9370ef39c2319fa371f0d034ec97?s=96&d=mm&r=g","url":"https:\/\/secure.gravatar.com\/avatar\/17fda74479261581db21ac9276619b3b44ce9370ef39c2319fa371f0d034ec97?s=96&d=mm&r=g","contentUrl":"https:\/\/secure.gravatar.com\/avatar\/17fda74479261581db21ac9276619b3b44ce9370ef39c2319fa371f0d034ec97?s=96&d=mm&r=g","caption":"admin"},"sameAs":["https:\/\/repaircafebudapest.hu"],"url":"https:\/\/repaircafebudapest.hu\/en\/author\/admin\/"}]}},"_links":{"self":[{"href":"https:\/\/repaircafebudapest.hu\/en\/wp-json\/wp\/v2\/posts\/1306","targetHints":{"allow":["GET"]}}],"collection":[{"href":"https:\/\/repaircafebudapest.hu\/en\/wp-json\/wp\/v2\/posts"}],"about":[{"href":"https:\/\/repaircafebudapest.hu\/en\/wp-json\/wp\/v2\/types\/post"}],"author":[{"embeddable":true,"href":"https:\/\/repaircafebudapest.hu\/en\/wp-json\/wp\/v2\/users\/1"}],"replies":[{"embeddable":true,"href":"https:\/\/repaircafebudapest.hu\/en\/wp-json\/wp\/v2\/comments?post=1306"}],"version-history":[{"count":6,"href":"https:\/\/repaircafebudapest.hu\/en\/wp-json\/wp\/v2\/posts\/1306\/revisions"}],"predecessor-version":[{"id":1316,"href":"https:\/\/repaircafebudapest.hu\/en\/wp-json\/wp\/v2\/posts\/1306\/revisions\/1316"}],"wp:featuredmedia":[{"embeddable":true,"href":"https:\/\/repaircafebudapest.hu\/en\/wp-json\/wp\/v2\/media\/1307"}],"wp:attachment":[{"href":"https:\/\/repaircafebudapest.hu\/en\/wp-json\/wp\/v2\/media?parent=1306"}],"wp:term":[{"taxonomy":"category","embeddable":true,"href":"https:\/\/repaircafebudapest.hu\/en\/wp-json\/wp\/v2\/categories?post=1306"},{"taxonomy":"post_tag","embeddable":true,"href":"https:\/\/repaircafebudapest.hu\/en\/wp-json\/wp\/v2\/tags?post=1306"}],"curies":[{"name":"wp","href":"https:\/\/api.w.org\/{rel}","templated":true}]}}