{"id":1277,"date":"2025-07-19T21:53:44","date_gmt":"2025-07-19T20:53:44","guid":{"rendered":"https:\/\/repaircafebudapest.hu\/?p=1277"},"modified":"2026-01-13T08:47:31","modified_gmt":"2026-01-13T07:47:31","slug":"ket-nap-ket-kozossegi-szereles","status":"publish","type":"post","link":"https:\/\/repaircafebudapest.hu\/en\/ket-nap-ket-kozossegi-szereles\/","title":{"rendered":"K\u00e9t nap \u2013 k\u00e9t k\u00f6z\u00f6ss\u00e9gi szerel\u00e9s"},"content":{"rendered":"<div>J\u00faniusban k\u00e9t kiemelked\u0151 esem\u00e9nyen is r\u00e9szt vett\u00fcnk: p\u00e9nteken az OFF-Bienn\u00e1l\u00e9 keret\u00e9ben, a K\u00e1lv\u00e1ria t\u00e9ren szerelt\u00fcnk ker\u00e9kp\u00e1rokat a Cargonomia nemzetk\u00f6zi csapat\u00e1val egy\u00fcttm\u0171k\u00f6dve, m\u00e1snap pedig a Teleki t\u00e9ri piac ny\u00edlt napj\u00e1n k\u00e9pviselt\u00fck \u00f6n\u00e1ll\u00f3an a k\u00f6z\u00f6ss\u00e9gi szerel\u00e9st. Mindk\u00e9t alkalom a ker\u00e9kp\u00e1rjav\u00edt\u00e1s k\u00f6r\u00e9 szervez\u0151d\u00f6tt, \u00e9s lehet\u0151s\u00e9get adott arra, hogy k\u00fcl\u00f6nf\u00e9le h\u00e1tter\u0171 emberekkel tal\u00e1lkozzunk, seg\u00edts\u00e9get ny\u00fajtsunk, \u00e9s szakmai tud\u00e1sunkat megosszuk. A k\u00f6z\u00f6s munka ism\u00e9t meger\u0151s\u00edtette, hogy az egy\u00fcttm\u0171k\u00f6d\u00e9s \u00e9s a praktikus seg\u00edts\u00e9g ereje hat\u00e1rokon \u00e1t\u00edvel.<\/div>\n<div><img fetchpriority=\"high\" decoding=\"async\" class=\"alignnone wp-image-1284 size-full\" src=\"https:\/\/repaircafebudapest.hu\/wp-content\/uploads\/2025\/07\/IMG_20250702_064152_268.jpg\" alt=\"\" width=\"1080\" height=\"1920\" srcset=\"https:\/\/repaircafebudapest.hu\/wp-content\/uploads\/2025\/07\/IMG_20250702_064152_268.jpg 1080w, https:\/\/repaircafebudapest.hu\/wp-content\/uploads\/2025\/07\/IMG_20250702_064152_268-169x300.jpg 169w, https:\/\/repaircafebudapest.hu\/wp-content\/uploads\/2025\/07\/IMG_20250702_064152_268-576x1024.jpg 576w, https:\/\/repaircafebudapest.hu\/wp-content\/uploads\/2025\/07\/IMG_20250702_064152_268-768x1365.jpg 768w, https:\/\/repaircafebudapest.hu\/wp-content\/uploads\/2025\/07\/IMG_20250702_064152_268-864x1536.jpg 864w, https:\/\/repaircafebudapest.hu\/wp-content\/uploads\/2025\/07\/IMG_20250702_064152_268-7x12.jpg 7w\" sizes=\"(max-width: 1080px) 100vw, 1080px\" \/><\/div>","protected":false},"excerpt":{"rendered":"<p>J\u00faniusban k\u00e9t kiemelked\u0151 esem\u00e9nyen is r\u00e9szt vett\u00fcnk: p\u00e9nteken az OFF-Bienn\u00e1l\u00e9 keret\u00e9ben, a K\u00e1lv\u00e1ria t\u00e9ren szerelt\u00fcnk ker\u00e9kp\u00e1rokat a Cargonomia nemzetk\u00f6zi csapat\u00e1val egy\u00fcttm\u0171k\u00f6dve, m\u00e1snap pedig a Teleki t\u00e9ri piac ny\u00edlt napj\u00e1n k\u00e9pviselt\u00fck \u00f6n\u00e1ll\u00f3an a k\u00f6z\u00f6ss\u00e9gi szerel\u00e9st. Mindk\u00e9t alkalom a ker\u00e9kp\u00e1rjav\u00edt\u00e1s k\u00f6r\u00e9 szervez\u0151d\u00f6tt, \u00e9s lehet\u0151s\u00e9get adott arra, hogy k\u00fcl\u00f6nf\u00e9le h\u00e1tter\u0171 emberekkel tal\u00e1lkozzunk, seg\u00edts\u00e9get ny\u00fajtsunk, \u00e9s szakmai tud\u00e1sunkat megosszuk. [&hellip;]<\/p>\n","protected":false},"author":1,"featured_media":1283,"comment_status":"closed","ping_status":"open","sticky":false,"template":"","format":"standard","meta":{"_acf_changed":false,"footnotes":""},"categories":[1],"tags":[],"class_list":["post-1277","post","type-post","status-publish","format-standard","has-post-thumbnail","hentry","category-uncategorized"],"acf":[],"yoast_head":"<!-- This site is optimized with the Yoast SEO Premium plugin v27.4 (Yoast SEO v27.4) - https:\/\/yoast.com\/product\/yoast-seo-premium-wordpress\/ -->\n<title>K\u00e9t nap \u2013 k\u00e9t k\u00f6z\u00f6ss\u00e9gi szerel\u00e9s - Repair Cafe Budapest<\/title>\n<meta name=\"robots\" content=\"index, follow, max-snippet:-1, max-image-preview:large, max-video-preview:-1\" \/>\n<link rel=\"canonical\" href=\"https:\/\/repaircafebudapest.hu\/en\/ket-nap-ket-kozossegi-szereles\/\" \/>\n<meta property=\"og:locale\" content=\"en_GB\" \/>\n<meta property=\"og:type\" content=\"article\" \/>\n<meta property=\"og:title\" content=\"K\u00e9t nap \u2013 k\u00e9t k\u00f6z\u00f6ss\u00e9gi szerel\u00e9s\" \/>\n<meta property=\"og:description\" content=\"J\u00faniusban k\u00e9t kiemelked\u0151 esem\u00e9nyen is r\u00e9szt vett\u00fcnk: p\u00e9nteken az OFF-Bienn\u00e1l\u00e9 keret\u00e9ben, a K\u00e1lv\u00e1ria t\u00e9ren szerelt\u00fcnk ker\u00e9kp\u00e1rokat a Cargonomia nemzetk\u00f6zi csapat\u00e1val egy\u00fcttm\u0171k\u00f6dve, m\u00e1snap pedig a Teleki t\u00e9ri piac ny\u00edlt napj\u00e1n k\u00e9pviselt\u00fck \u00f6n\u00e1ll\u00f3an a k\u00f6z\u00f6ss\u00e9gi szerel\u00e9st. Mindk\u00e9t alkalom a ker\u00e9kp\u00e1rjav\u00edt\u00e1s k\u00f6r\u00e9 szervez\u0151d\u00f6tt, \u00e9s lehet\u0151s\u00e9get adott arra, hogy k\u00fcl\u00f6nf\u00e9le h\u00e1tter\u0171 emberekkel tal\u00e1lkozzunk, seg\u00edts\u00e9get ny\u00fajtsunk, \u00e9s szakmai tud\u00e1sunkat megosszuk. [&hellip;]\" \/>\n<meta property=\"og:url\" content=\"https:\/\/repaircafebudapest.hu\/en\/ket-nap-ket-kozossegi-szereles\/\" \/>\n<meta property=\"og:site_name\" content=\"Repair Cafe Budapest\" \/>\n<meta property=\"article:publisher\" content=\"https:\/\/www.facebook.com\/profile.php?id=61552754066692&amp;locale=hu_HU\" \/>\n<meta property=\"article:published_time\" content=\"2025-07-19T20:53:44+00:00\" \/>\n<meta property=\"article:modified_time\" content=\"2026-01-13T07:47:31+00:00\" \/>\n<meta property=\"og:image\" content=\"https:\/\/repaircafebudapest.hu\/wp-content\/uploads\/2025\/07\/514252737_122212927436091802_3283798103680945350_n.jpg\" \/>\n\t<meta property=\"og:image:width\" content=\"2048\" \/>\n\t<meta property=\"og:image:height\" content=\"1536\" \/>\n\t<meta property=\"og:image:type\" content=\"image\/jpeg\" \/>\n<meta name=\"author\" content=\"admin\" \/>\n<meta name=\"twitter:card\" content=\"summary_large_image\" \/>\n<meta name=\"twitter:label1\" content=\"Written by\" \/>\n\t<meta name=\"twitter:data1\" content=\"admin\" \/>\n\t<meta name=\"twitter:label2\" content=\"Estimated reading time\" \/>\n\t<meta name=\"twitter:data2\" content=\"1 minute\" \/>\n<script type=\"application\/ld+json\" class=\"yoast-schema-graph\">{\"@context\":\"https:\\\/\\\/schema.org\",\"@graph\":[{\"@type\":\"Article\",\"@id\":\"https:\\\/\\\/repaircafebudapest.hu\\\/ket-nap-ket-kozossegi-szereles\\\/#article\",\"isPartOf\":{\"@id\":\"https:\\\/\\\/repaircafebudapest.hu\\\/ket-nap-ket-kozossegi-szereles\\\/\"},\"author\":{\"name\":\"admin\",\"@id\":\"https:\\\/\\\/repaircafebudapest.hu\\\/#\\\/schema\\\/person\\\/ae0662ecc97cf2fe1fc2ee119636123a\"},\"headline\":\"K\u00e9t nap \u2013 k\u00e9t k\u00f6z\u00f6ss\u00e9gi szerel\u00e9s\",\"datePublished\":\"2025-07-19T20:53:44+00:00\",\"dateModified\":\"2026-01-13T07:47:31+00:00\",\"mainEntityOfPage\":{\"@id\":\"https:\\\/\\\/repaircafebudapest.hu\\\/ket-nap-ket-kozossegi-szereles\\\/\"},\"wordCount\":144,\"publisher\":{\"@id\":\"https:\\\/\\\/repaircafebudapest.hu\\\/#organization\"},\"image\":{\"@id\":\"https:\\\/\\\/repaircafebudapest.hu\\\/ket-nap-ket-kozossegi-szereles\\\/#primaryimage\"},\"thumbnailUrl\":\"https:\\\/\\\/repaircafebudapest.hu\\\/wp-content\\\/uploads\\\/2025\\\/07\\\/514252737_122212927436091802_3283798103680945350_n.jpg\",\"articleSection\":[\"Uncategorized\"],\"inLanguage\":\"en-GB\"},{\"@type\":\"WebPage\",\"@id\":\"https:\\\/\\\/repaircafebudapest.hu\\\/ket-nap-ket-kozossegi-szereles\\\/\",\"url\":\"https:\\\/\\\/repaircafebudapest.hu\\\/ket-nap-ket-kozossegi-szereles\\\/\",\"name\":\"K\u00e9t nap \u2013 k\u00e9t k\u00f6z\u00f6ss\u00e9gi szerel\u00e9s - Repair Cafe Budapest\",\"isPartOf\":{\"@id\":\"https:\\\/\\\/repaircafebudapest.hu\\\/#website\"},\"primaryImageOfPage\":{\"@id\":\"https:\\\/\\\/repaircafebudapest.hu\\\/ket-nap-ket-kozossegi-szereles\\\/#primaryimage\"},\"image\":{\"@id\":\"https:\\\/\\\/repaircafebudapest.hu\\\/ket-nap-ket-kozossegi-szereles\\\/#primaryimage\"},\"thumbnailUrl\":\"https:\\\/\\\/repaircafebudapest.hu\\\/wp-content\\\/uploads\\\/2025\\\/07\\\/514252737_122212927436091802_3283798103680945350_n.jpg\",\"datePublished\":\"2025-07-19T20:53:44+00:00\",\"dateModified\":\"2026-01-13T07:47:31+00:00\",\"breadcrumb\":{\"@id\":\"https:\\\/\\\/repaircafebudapest.hu\\\/ket-nap-ket-kozossegi-szereles\\\/#breadcrumb\"},\"inLanguage\":\"en-GB\",\"potentialAction\":[{\"@type\":\"ReadAction\",\"target\":[\"https:\\\/\\\/repaircafebudapest.hu\\\/ket-nap-ket-kozossegi-szereles\\\/\"]}]},{\"@type\":\"ImageObject\",\"inLanguage\":\"en-GB\",\"@id\":\"https:\\\/\\\/repaircafebudapest.hu\\\/ket-nap-ket-kozossegi-szereles\\\/#primaryimage\",\"url\":\"https:\\\/\\\/repaircafebudapest.hu\\\/wp-content\\\/uploads\\\/2025\\\/07\\\/514252737_122212927436091802_3283798103680945350_n.jpg\",\"contentUrl\":\"https:\\\/\\\/repaircafebudapest.hu\\\/wp-content\\\/uploads\\\/2025\\\/07\\\/514252737_122212927436091802_3283798103680945350_n.jpg\",\"width\":2048,\"height\":1536},{\"@type\":\"BreadcrumbList\",\"@id\":\"https:\\\/\\\/repaircafebudapest.hu\\\/ket-nap-ket-kozossegi-szereles\\\/#breadcrumb\",\"itemListElement\":[{\"@type\":\"ListItem\",\"position\":1,\"name\":\"Kezd\u0151lap\",\"item\":\"https:\\\/\\\/repaircafebudapest.hu\\\/\"},{\"@type\":\"ListItem\",\"position\":2,\"name\":\"K\u00e9t nap \u2013 k\u00e9t k\u00f6z\u00f6ss\u00e9gi szerel\u00e9s\"}]},{\"@type\":\"WebSite\",\"@id\":\"https:\\\/\\\/repaircafebudapest.hu\\\/#website\",\"url\":\"https:\\\/\\\/repaircafebudapest.hu\\\/\",\"name\":\"Repair Cafe Budapest\",\"description\":\"Repair Cafe Budapest\",\"publisher\":{\"@id\":\"https:\\\/\\\/repaircafebudapest.hu\\\/#organization\"},\"potentialAction\":[{\"@type\":\"SearchAction\",\"target\":{\"@type\":\"EntryPoint\",\"urlTemplate\":\"https:\\\/\\\/repaircafebudapest.hu\\\/?s={search_term_string}\"},\"query-input\":{\"@type\":\"PropertyValueSpecification\",\"valueRequired\":true,\"valueName\":\"search_term_string\"}}],\"inLanguage\":\"en-GB\"},{\"@type\":\"Organization\",\"@id\":\"https:\\\/\\\/repaircafebudapest.hu\\\/#organization\",\"name\":\"Repair Cafe Budapest\",\"url\":\"https:\\\/\\\/repaircafebudapest.hu\\\/\",\"logo\":{\"@type\":\"ImageObject\",\"inLanguage\":\"en-GB\",\"@id\":\"https:\\\/\\\/repaircafebudapest.hu\\\/#\\\/schema\\\/logo\\\/image\\\/\",\"url\":\"https:\\\/\\\/repaircafebudapest.hu\\\/wp-content\\\/uploads\\\/2023\\\/11\\\/rcb-logo.webp\",\"contentUrl\":\"https:\\\/\\\/repaircafebudapest.hu\\\/wp-content\\\/uploads\\\/2023\\\/11\\\/rcb-logo.webp\",\"width\":2298,\"height\":1000,\"caption\":\"Repair Cafe Budapest\"},\"image\":{\"@id\":\"https:\\\/\\\/repaircafebudapest.hu\\\/#\\\/schema\\\/logo\\\/image\\\/\"},\"sameAs\":[\"https:\\\/\\\/www.facebook.com\\\/profile.php?id=61552754066692&locale=hu_HU\"]},{\"@type\":\"Person\",\"@id\":\"https:\\\/\\\/repaircafebudapest.hu\\\/#\\\/schema\\\/person\\\/ae0662ecc97cf2fe1fc2ee119636123a\",\"name\":\"admin\",\"image\":{\"@type\":\"ImageObject\",\"inLanguage\":\"en-GB\",\"@id\":\"https:\\\/\\\/secure.gravatar.com\\\/avatar\\\/17fda74479261581db21ac9276619b3b44ce9370ef39c2319fa371f0d034ec97?s=96&d=mm&r=g\",\"url\":\"https:\\\/\\\/secure.gravatar.com\\\/avatar\\\/17fda74479261581db21ac9276619b3b44ce9370ef39c2319fa371f0d034ec97?s=96&d=mm&r=g\",\"contentUrl\":\"https:\\\/\\\/secure.gravatar.com\\\/avatar\\\/17fda74479261581db21ac9276619b3b44ce9370ef39c2319fa371f0d034ec97?s=96&d=mm&r=g\",\"caption\":\"admin\"},\"sameAs\":[\"https:\\\/\\\/repaircafebudapest.hu\"],\"url\":\"https:\\\/\\\/repaircafebudapest.hu\\\/en\\\/author\\\/admin\\\/\"}]}<\/script>\n<!-- \/ Yoast SEO Premium plugin. -->","yoast_head_json":{"title":"K\u00e9t nap \u2013 k\u00e9t k\u00f6z\u00f6ss\u00e9gi szerel\u00e9s - Repair Cafe Budapest","robots":{"index":"index","follow":"follow","max-snippet":"max-snippet:-1","max-image-preview":"max-image-preview:large","max-video-preview":"max-video-preview:-1"},"canonical":"https:\/\/repaircafebudapest.hu\/en\/ket-nap-ket-kozossegi-szereles\/","og_locale":"en_GB","og_type":"article","og_title":"K\u00e9t nap \u2013 k\u00e9t k\u00f6z\u00f6ss\u00e9gi szerel\u00e9s","og_description":"J\u00faniusban k\u00e9t kiemelked\u0151 esem\u00e9nyen is r\u00e9szt vett\u00fcnk: p\u00e9nteken az OFF-Bienn\u00e1l\u00e9 keret\u00e9ben, a K\u00e1lv\u00e1ria t\u00e9ren szerelt\u00fcnk ker\u00e9kp\u00e1rokat a Cargonomia nemzetk\u00f6zi csapat\u00e1val egy\u00fcttm\u0171k\u00f6dve, m\u00e1snap pedig a Teleki t\u00e9ri piac ny\u00edlt napj\u00e1n k\u00e9pviselt\u00fck \u00f6n\u00e1ll\u00f3an a k\u00f6z\u00f6ss\u00e9gi szerel\u00e9st. Mindk\u00e9t alkalom a ker\u00e9kp\u00e1rjav\u00edt\u00e1s k\u00f6r\u00e9 szervez\u0151d\u00f6tt, \u00e9s lehet\u0151s\u00e9get adott arra, hogy k\u00fcl\u00f6nf\u00e9le h\u00e1tter\u0171 emberekkel tal\u00e1lkozzunk, seg\u00edts\u00e9get ny\u00fajtsunk, \u00e9s szakmai tud\u00e1sunkat megosszuk. [&hellip;]","og_url":"https:\/\/repaircafebudapest.hu\/en\/ket-nap-ket-kozossegi-szereles\/","og_site_name":"Repair Cafe Budapest","article_publisher":"https:\/\/www.facebook.com\/profile.php?id=61552754066692&locale=hu_HU","article_published_time":"2025-07-19T20:53:44+00:00","article_modified_time":"2026-01-13T07:47:31+00:00","og_image":[{"width":2048,"height":1536,"url":"https:\/\/repaircafebudapest.hu\/wp-content\/uploads\/2025\/07\/514252737_122212927436091802_3283798103680945350_n.jpg","type":"image\/jpeg"}],"author":"admin","twitter_card":"summary_large_image","twitter_misc":{"Written by":"admin","Estimated reading time":"1 minute"},"schema":{"@context":"https:\/\/schema.org","@graph":[{"@type":"Article","@id":"https:\/\/repaircafebudapest.hu\/ket-nap-ket-kozossegi-szereles\/#article","isPartOf":{"@id":"https:\/\/repaircafebudapest.hu\/ket-nap-ket-kozossegi-szereles\/"},"author":{"name":"admin","@id":"https:\/\/repaircafebudapest.hu\/#\/schema\/person\/ae0662ecc97cf2fe1fc2ee119636123a"},"headline":"K\u00e9t nap \u2013 k\u00e9t k\u00f6z\u00f6ss\u00e9gi szerel\u00e9s","datePublished":"2025-07-19T20:53:44+00:00","dateModified":"2026-01-13T07:47:31+00:00","mainEntityOfPage":{"@id":"https:\/\/repaircafebudapest.hu\/ket-nap-ket-kozossegi-szereles\/"},"wordCount":144,"publisher":{"@id":"https:\/\/repaircafebudapest.hu\/#organization"},"image":{"@id":"https:\/\/repaircafebudapest.hu\/ket-nap-ket-kozossegi-szereles\/#primaryimage"},"thumbnailUrl":"https:\/\/repaircafebudapest.hu\/wp-content\/uploads\/2025\/07\/514252737_122212927436091802_3283798103680945350_n.jpg","articleSection":["Uncategorized"],"inLanguage":"en-GB"},{"@type":"WebPage","@id":"https:\/\/repaircafebudapest.hu\/ket-nap-ket-kozossegi-szereles\/","url":"https:\/\/repaircafebudapest.hu\/ket-nap-ket-kozossegi-szereles\/","name":"K\u00e9t nap \u2013 k\u00e9t k\u00f6z\u00f6ss\u00e9gi szerel\u00e9s - Repair Cafe Budapest","isPartOf":{"@id":"https:\/\/repaircafebudapest.hu\/#website"},"primaryImageOfPage":{"@id":"https:\/\/repaircafebudapest.hu\/ket-nap-ket-kozossegi-szereles\/#primaryimage"},"image":{"@id":"https:\/\/repaircafebudapest.hu\/ket-nap-ket-kozossegi-szereles\/#primaryimage"},"thumbnailUrl":"https:\/\/repaircafebudapest.hu\/wp-content\/uploads\/2025\/07\/514252737_122212927436091802_3283798103680945350_n.jpg","datePublished":"2025-07-19T20:53:44+00:00","dateModified":"2026-01-13T07:47:31+00:00","breadcrumb":{"@id":"https:\/\/repaircafebudapest.hu\/ket-nap-ket-kozossegi-szereles\/#breadcrumb"},"inLanguage":"en-GB","potentialAction":[{"@type":"ReadAction","target":["https:\/\/repaircafebudapest.hu\/ket-nap-ket-kozossegi-szereles\/"]}]},{"@type":"ImageObject","inLanguage":"en-GB","@id":"https:\/\/repaircafebudapest.hu\/ket-nap-ket-kozossegi-szereles\/#primaryimage","url":"https:\/\/repaircafebudapest.hu\/wp-content\/uploads\/2025\/07\/514252737_122212927436091802_3283798103680945350_n.jpg","contentUrl":"https:\/\/repaircafebudapest.hu\/wp-content\/uploads\/2025\/07\/514252737_122212927436091802_3283798103680945350_n.jpg","width":2048,"height":1536},{"@type":"BreadcrumbList","@id":"https:\/\/repaircafebudapest.hu\/ket-nap-ket-kozossegi-szereles\/#breadcrumb","itemListElement":[{"@type":"ListItem","position":1,"name":"Kezd\u0151lap","item":"https:\/\/repaircafebudapest.hu\/"},{"@type":"ListItem","position":2,"name":"K\u00e9t nap \u2013 k\u00e9t k\u00f6z\u00f6ss\u00e9gi szerel\u00e9s"}]},{"@type":"WebSite","@id":"https:\/\/repaircafebudapest.hu\/#website","url":"https:\/\/repaircafebudapest.hu\/","name":"Repair Cafe Budapest","description":"Repair Cafe Budapest","publisher":{"@id":"https:\/\/repaircafebudapest.hu\/#organization"},"potentialAction":[{"@type":"SearchAction","target":{"@type":"EntryPoint","urlTemplate":"https:\/\/repaircafebudapest.hu\/?s={search_term_string}"},"query-input":{"@type":"PropertyValueSpecification","valueRequired":true,"valueName":"search_term_string"}}],"inLanguage":"en-GB"},{"@type":"Organization","@id":"https:\/\/repaircafebudapest.hu\/#organization","name":"Repair Cafe Budapest","url":"https:\/\/repaircafebudapest.hu\/","logo":{"@type":"ImageObject","inLanguage":"en-GB","@id":"https:\/\/repaircafebudapest.hu\/#\/schema\/logo\/image\/","url":"https:\/\/repaircafebudapest.hu\/wp-content\/uploads\/2023\/11\/rcb-logo.webp","contentUrl":"https:\/\/repaircafebudapest.hu\/wp-content\/uploads\/2023\/11\/rcb-logo.webp","width":2298,"height":1000,"caption":"Repair Cafe Budapest"},"image":{"@id":"https:\/\/repaircafebudapest.hu\/#\/schema\/logo\/image\/"},"sameAs":["https:\/\/www.facebook.com\/profile.php?id=61552754066692&locale=hu_HU"]},{"@type":"Person","@id":"https:\/\/repaircafebudapest.hu\/#\/schema\/person\/ae0662ecc97cf2fe1fc2ee119636123a","name":"admin","image":{"@type":"ImageObject","inLanguage":"en-GB","@id":"https:\/\/secure.gravatar.com\/avatar\/17fda74479261581db21ac9276619b3b44ce9370ef39c2319fa371f0d034ec97?s=96&d=mm&r=g","url":"https:\/\/secure.gravatar.com\/avatar\/17fda74479261581db21ac9276619b3b44ce9370ef39c2319fa371f0d034ec97?s=96&d=mm&r=g","contentUrl":"https:\/\/secure.gravatar.com\/avatar\/17fda74479261581db21ac9276619b3b44ce9370ef39c2319fa371f0d034ec97?s=96&d=mm&r=g","caption":"admin"},"sameAs":["https:\/\/repaircafebudapest.hu"],"url":"https:\/\/repaircafebudapest.hu\/en\/author\/admin\/"}]}},"_links":{"self":[{"href":"https:\/\/repaircafebudapest.hu\/en\/wp-json\/wp\/v2\/posts\/1277","targetHints":{"allow":["GET"]}}],"collection":[{"href":"https:\/\/repaircafebudapest.hu\/en\/wp-json\/wp\/v2\/posts"}],"about":[{"href":"https:\/\/repaircafebudapest.hu\/en\/wp-json\/wp\/v2\/types\/post"}],"author":[{"embeddable":true,"href":"https:\/\/repaircafebudapest.hu\/en\/wp-json\/wp\/v2\/users\/1"}],"replies":[{"embeddable":true,"href":"https:\/\/repaircafebudapest.hu\/en\/wp-json\/wp\/v2\/comments?post=1277"}],"version-history":[{"count":3,"href":"https:\/\/repaircafebudapest.hu\/en\/wp-json\/wp\/v2\/posts\/1277\/revisions"}],"predecessor-version":[{"id":1290,"href":"https:\/\/repaircafebudapest.hu\/en\/wp-json\/wp\/v2\/posts\/1277\/revisions\/1290"}],"wp:featuredmedia":[{"embeddable":true,"href":"https:\/\/repaircafebudapest.hu\/en\/wp-json\/wp\/v2\/media\/1283"}],"wp:attachment":[{"href":"https:\/\/repaircafebudapest.hu\/en\/wp-json\/wp\/v2\/media?parent=1277"}],"wp:term":[{"taxonomy":"category","embeddable":true,"href":"https:\/\/repaircafebudapest.hu\/en\/wp-json\/wp\/v2\/categories?post=1277"},{"taxonomy":"post_tag","embeddable":true,"href":"https:\/\/repaircafebudapest.hu\/en\/wp-json\/wp\/v2\/tags?post=1277"}],"curies":[{"name":"wp","href":"https:\/\/api.w.org\/{rel}","templated":true}]}}