{"id":1090,"date":"2025-03-17T21:37:49","date_gmt":"2025-03-17T20:37:49","guid":{"rendered":"https:\/\/repaircafebudapest.hu\/?p=1090"},"modified":"2026-01-13T08:47:36","modified_gmt":"2026-01-13T07:47:36","slug":"reszt-vettunk-a-fenntarthato-varosok-akademiajan","status":"publish","type":"post","link":"https:\/\/repaircafebudapest.hu\/en\/reszt-vettunk-a-fenntarthato-varosok-akademiajan\/","title":{"rendered":"R\u00e9szt vett\u00fcnk a Fenntarthat\u00f3 V\u00e1rosok Akad\u00e9mi\u00e1j\u00e1n"},"content":{"rendered":"<p>2025 febru\u00e1r 22-\u00e9n a <strong>Repair Caf\u00e9 Budapest<\/strong> is r\u00e9szt vett a <strong>Fenntarthat\u00f3 V\u00e1rosok Akad\u00e9mia <\/strong>egyik kiemelt esem\u00e9ny\u00e9n.<\/p>\n<p>A <strong>Fenntarthat\u00f3 V\u00e1rosok Akad\u00e9mia<\/strong> egy egyed\u00fcl\u00e1ll\u00f3 k\u00e9pz\u00e9s, amely a telep\u00fcl\u00e9si fenntarthat\u00f3s\u00e1g k\u00fcl\u00f6nb\u00f6z\u0151 aspektusait mutatja be, \u00e9s gyakorlati tud\u00e1st ad \u00e1t az \u00e9rdekl\u0151d\u0151knek. Az \u00d3budai Egyetemmel egy\u00fcttm\u0171k\u00f6d\u00e9sben megval\u00f3sul\u00f3 program c\u00e9lja, hogy a r\u00e9sztvev\u0151k integr\u00e1lt szeml\u00e9letet saj\u00e1t\u00edtsanak el a v\u00e1rosfejleszt\u00e9s \u00e9s a fenntarthat\u00f3s\u00e1g ter\u00e9n.<\/p>\n<p>A febru\u00e1r 22-ei alkalom t\u00e9m\u00e1ja a <strong>&#8222;Fenntarthat\u00f3 Budapest: a f\u0151v\u00e1ros z\u00f6ld szemmel&#8221;<\/strong> volt, amelynek r\u00e9szek\u00e9nt<strong>\u00a0a Repair Caf\u00e9 Budapest <\/strong>\u00e9s a <strong>Para-fitt Sportegyes\u00fclet<\/strong> alap\u00edt\u00f3ja, <strong>G\u00e9g\u00e9ny No\u00e9mi <\/strong>is megh\u00edv\u00e1st kapott a napind\u00edt\u00f3 panelbesz\u00e9lget\u00e9sre. Az esem\u00e9nyen lehet\u0151s\u00e9g\u00fcnk ny\u00edlt bemutatni, hogyan j\u00e1rul hozz\u00e1 a k\u00f6z\u00f6ss\u00e9gi jav\u00edt\u00e1s \u00e9s a hullad\u00e9kcs\u00f6kkent\u00e9s a fenntarthat\u00f3 v\u00e1rosi \u00e9letm\u00f3dhoz.<\/p>\n<p>K\u00f6sz\u00f6nj\u00fck a megh\u00edv\u00e1st a szervez\u0151knek, \u00e9s b\u00edzunk benne, hogy a j\u00f6v\u0151ben is hozz\u00e1j\u00e1rulhatunk a fenntarthat\u00f3 v\u00e1rosok kialak\u00edt\u00e1s\u00e1hoz!<\/p>","protected":false},"excerpt":{"rendered":"<p>2025 febru\u00e1r 22-\u00e9n a Repair Caf\u00e9 Budapest is r\u00e9szt vett a Fenntarthat\u00f3 V\u00e1rosok Akad\u00e9mia egyik kiemelt esem\u00e9ny\u00e9n. A Fenntarthat\u00f3 V\u00e1rosok Akad\u00e9mia egy egyed\u00fcl\u00e1ll\u00f3 k\u00e9pz\u00e9s, amely a telep\u00fcl\u00e9si fenntarthat\u00f3s\u00e1g k\u00fcl\u00f6nb\u00f6z\u0151 aspektusait mutatja be, \u00e9s gyakorlati tud\u00e1st ad \u00e1t az \u00e9rdekl\u0151d\u0151knek. Az \u00d3budai Egyetemmel egy\u00fcttm\u0171k\u00f6d\u00e9sben megval\u00f3sul\u00f3 program c\u00e9lja, hogy a r\u00e9sztvev\u0151k integr\u00e1lt szeml\u00e9letet saj\u00e1t\u00edtsanak el a v\u00e1rosfejleszt\u00e9s [&hellip;]<\/p>\n","protected":false},"author":1,"featured_media":1094,"comment_status":"closed","ping_status":"open","sticky":false,"template":"","format":"standard","meta":{"_acf_changed":false,"footnotes":""},"categories":[123],"tags":[124],"class_list":["post-1090","post","type-post","status-publish","format-standard","has-post-thumbnail","hentry","category-esemeny","tag-fenntarthato-varosok-akademia"],"acf":[],"yoast_head":"<!-- This site is optimized with the Yoast SEO Premium plugin v27.4 (Yoast SEO v27.4) - https:\/\/yoast.com\/product\/yoast-seo-premium-wordpress\/ -->\n<title>R\u00e9szt vett\u00fcnk a Fenntarthat\u00f3 V\u00e1rosok Akad\u00e9mi\u00e1j\u00e1n - Repair Cafe Budapest<\/title>\n<meta name=\"robots\" content=\"index, follow, max-snippet:-1, max-image-preview:large, max-video-preview:-1\" \/>\n<link rel=\"canonical\" href=\"https:\/\/repaircafebudapest.hu\/en\/reszt-vettunk-a-fenntarthato-varosok-akademiajan\/\" \/>\n<meta property=\"og:locale\" content=\"en_GB\" \/>\n<meta property=\"og:type\" content=\"article\" \/>\n<meta property=\"og:title\" content=\"R\u00e9szt vett\u00fcnk a Fenntarthat\u00f3 V\u00e1rosok Akad\u00e9mi\u00e1j\u00e1n\" \/>\n<meta property=\"og:description\" content=\"2025 febru\u00e1r 22-\u00e9n a Repair Caf\u00e9 Budapest is r\u00e9szt vett a Fenntarthat\u00f3 V\u00e1rosok Akad\u00e9mia egyik kiemelt esem\u00e9ny\u00e9n. A Fenntarthat\u00f3 V\u00e1rosok Akad\u00e9mia egy egyed\u00fcl\u00e1ll\u00f3 k\u00e9pz\u00e9s, amely a telep\u00fcl\u00e9si fenntarthat\u00f3s\u00e1g k\u00fcl\u00f6nb\u00f6z\u0151 aspektusait mutatja be, \u00e9s gyakorlati tud\u00e1st ad \u00e1t az \u00e9rdekl\u0151d\u0151knek. Az \u00d3budai Egyetemmel egy\u00fcttm\u0171k\u00f6d\u00e9sben megval\u00f3sul\u00f3 program c\u00e9lja, hogy a r\u00e9sztvev\u0151k integr\u00e1lt szeml\u00e9letet saj\u00e1t\u00edtsanak el a v\u00e1rosfejleszt\u00e9s [&hellip;]\" \/>\n<meta property=\"og:url\" content=\"https:\/\/repaircafebudapest.hu\/en\/reszt-vettunk-a-fenntarthato-varosok-akademiajan\/\" \/>\n<meta property=\"og:site_name\" content=\"Repair Cafe Budapest\" \/>\n<meta property=\"article:publisher\" content=\"https:\/\/www.facebook.com\/profile.php?id=61552754066692&amp;locale=hu_HU\" \/>\n<meta property=\"article:published_time\" content=\"2025-03-17T20:37:49+00:00\" \/>\n<meta property=\"article:modified_time\" content=\"2026-01-13T07:47:36+00:00\" \/>\n<meta property=\"og:image\" content=\"https:\/\/repaircafebudapest.hu\/wp-content\/uploads\/2025\/03\/4KMS_FV_AKADEMIA_250323_04-1-1-scaled.webp\" \/>\n\t<meta property=\"og:image:width\" content=\"2560\" \/>\n\t<meta property=\"og:image:height\" content=\"1707\" \/>\n\t<meta property=\"og:image:type\" content=\"image\/webp\" \/>\n<meta name=\"author\" content=\"admin\" \/>\n<meta name=\"twitter:card\" content=\"summary_large_image\" \/>\n<meta name=\"twitter:label1\" content=\"Written by\" \/>\n\t<meta name=\"twitter:data1\" content=\"admin\" \/>\n\t<meta name=\"twitter:label2\" content=\"Estimated reading time\" \/>\n\t<meta name=\"twitter:data2\" content=\"1 minute\" \/>\n<script type=\"application\/ld+json\" class=\"yoast-schema-graph\">{\"@context\":\"https:\\\/\\\/schema.org\",\"@graph\":[{\"@type\":\"Article\",\"@id\":\"https:\\\/\\\/repaircafebudapest.hu\\\/reszt-vettunk-a-fenntarthato-varosok-akademiajan\\\/#article\",\"isPartOf\":{\"@id\":\"https:\\\/\\\/repaircafebudapest.hu\\\/reszt-vettunk-a-fenntarthato-varosok-akademiajan\\\/\"},\"author\":{\"name\":\"admin\",\"@id\":\"https:\\\/\\\/repaircafebudapest.hu\\\/#\\\/schema\\\/person\\\/ae0662ecc97cf2fe1fc2ee119636123a\"},\"headline\":\"R\u00e9szt vett\u00fcnk a Fenntarthat\u00f3 V\u00e1rosok Akad\u00e9mi\u00e1j\u00e1n\",\"datePublished\":\"2025-03-17T20:37:49+00:00\",\"dateModified\":\"2026-01-13T07:47:36+00:00\",\"mainEntityOfPage\":{\"@id\":\"https:\\\/\\\/repaircafebudapest.hu\\\/reszt-vettunk-a-fenntarthato-varosok-akademiajan\\\/\"},\"wordCount\":227,\"publisher\":{\"@id\":\"https:\\\/\\\/repaircafebudapest.hu\\\/#organization\"},\"image\":{\"@id\":\"https:\\\/\\\/repaircafebudapest.hu\\\/reszt-vettunk-a-fenntarthato-varosok-akademiajan\\\/#primaryimage\"},\"thumbnailUrl\":\"https:\\\/\\\/repaircafebudapest.hu\\\/wp-content\\\/uploads\\\/2025\\\/03\\\/4KMS_FV_AKADEMIA_250323_04-1-1-scaled.webp\",\"keywords\":[\"Fenntarthat\u00f3 V\u00e1rosok Akad\u00e9mia\"],\"articleSection\":[\"Esem\u00e9ny\"],\"inLanguage\":\"en-GB\"},{\"@type\":\"WebPage\",\"@id\":\"https:\\\/\\\/repaircafebudapest.hu\\\/reszt-vettunk-a-fenntarthato-varosok-akademiajan\\\/\",\"url\":\"https:\\\/\\\/repaircafebudapest.hu\\\/reszt-vettunk-a-fenntarthato-varosok-akademiajan\\\/\",\"name\":\"R\u00e9szt vett\u00fcnk a Fenntarthat\u00f3 V\u00e1rosok Akad\u00e9mi\u00e1j\u00e1n - Repair Cafe Budapest\",\"isPartOf\":{\"@id\":\"https:\\\/\\\/repaircafebudapest.hu\\\/#website\"},\"primaryImageOfPage\":{\"@id\":\"https:\\\/\\\/repaircafebudapest.hu\\\/reszt-vettunk-a-fenntarthato-varosok-akademiajan\\\/#primaryimage\"},\"image\":{\"@id\":\"https:\\\/\\\/repaircafebudapest.hu\\\/reszt-vettunk-a-fenntarthato-varosok-akademiajan\\\/#primaryimage\"},\"thumbnailUrl\":\"https:\\\/\\\/repaircafebudapest.hu\\\/wp-content\\\/uploads\\\/2025\\\/03\\\/4KMS_FV_AKADEMIA_250323_04-1-1-scaled.webp\",\"datePublished\":\"2025-03-17T20:37:49+00:00\",\"dateModified\":\"2026-01-13T07:47:36+00:00\",\"breadcrumb\":{\"@id\":\"https:\\\/\\\/repaircafebudapest.hu\\\/reszt-vettunk-a-fenntarthato-varosok-akademiajan\\\/#breadcrumb\"},\"inLanguage\":\"en-GB\",\"potentialAction\":[{\"@type\":\"ReadAction\",\"target\":[\"https:\\\/\\\/repaircafebudapest.hu\\\/reszt-vettunk-a-fenntarthato-varosok-akademiajan\\\/\"]}]},{\"@type\":\"ImageObject\",\"inLanguage\":\"en-GB\",\"@id\":\"https:\\\/\\\/repaircafebudapest.hu\\\/reszt-vettunk-a-fenntarthato-varosok-akademiajan\\\/#primaryimage\",\"url\":\"https:\\\/\\\/repaircafebudapest.hu\\\/wp-content\\\/uploads\\\/2025\\\/03\\\/4KMS_FV_AKADEMIA_250323_04-1-1-scaled.webp\",\"contentUrl\":\"https:\\\/\\\/repaircafebudapest.hu\\\/wp-content\\\/uploads\\\/2025\\\/03\\\/4KMS_FV_AKADEMIA_250323_04-1-1-scaled.webp\",\"width\":2560,\"height\":1707,\"caption\":\"Repaircafe a Fenntarthat\u00f3 V\u00e1rosok Akad\u00e9mi\u00e1j\u00e1n\"},{\"@type\":\"BreadcrumbList\",\"@id\":\"https:\\\/\\\/repaircafebudapest.hu\\\/reszt-vettunk-a-fenntarthato-varosok-akademiajan\\\/#breadcrumb\",\"itemListElement\":[{\"@type\":\"ListItem\",\"position\":1,\"name\":\"Kezd\u0151lap\",\"item\":\"https:\\\/\\\/repaircafebudapest.hu\\\/\"},{\"@type\":\"ListItem\",\"position\":2,\"name\":\"R\u00e9szt vett\u00fcnk a Fenntarthat\u00f3 V\u00e1rosok Akad\u00e9mi\u00e1j\u00e1n\"}]},{\"@type\":\"WebSite\",\"@id\":\"https:\\\/\\\/repaircafebudapest.hu\\\/#website\",\"url\":\"https:\\\/\\\/repaircafebudapest.hu\\\/\",\"name\":\"Repair Cafe Budapest\",\"description\":\"Repair Cafe Budapest\",\"publisher\":{\"@id\":\"https:\\\/\\\/repaircafebudapest.hu\\\/#organization\"},\"potentialAction\":[{\"@type\":\"SearchAction\",\"target\":{\"@type\":\"EntryPoint\",\"urlTemplate\":\"https:\\\/\\\/repaircafebudapest.hu\\\/?s={search_term_string}\"},\"query-input\":{\"@type\":\"PropertyValueSpecification\",\"valueRequired\":true,\"valueName\":\"search_term_string\"}}],\"inLanguage\":\"en-GB\"},{\"@type\":\"Organization\",\"@id\":\"https:\\\/\\\/repaircafebudapest.hu\\\/#organization\",\"name\":\"Repair Cafe Budapest\",\"url\":\"https:\\\/\\\/repaircafebudapest.hu\\\/\",\"logo\":{\"@type\":\"ImageObject\",\"inLanguage\":\"en-GB\",\"@id\":\"https:\\\/\\\/repaircafebudapest.hu\\\/#\\\/schema\\\/logo\\\/image\\\/\",\"url\":\"https:\\\/\\\/repaircafebudapest.hu\\\/wp-content\\\/uploads\\\/2023\\\/11\\\/rcb-logo.webp\",\"contentUrl\":\"https:\\\/\\\/repaircafebudapest.hu\\\/wp-content\\\/uploads\\\/2023\\\/11\\\/rcb-logo.webp\",\"width\":2298,\"height\":1000,\"caption\":\"Repair Cafe Budapest\"},\"image\":{\"@id\":\"https:\\\/\\\/repaircafebudapest.hu\\\/#\\\/schema\\\/logo\\\/image\\\/\"},\"sameAs\":[\"https:\\\/\\\/www.facebook.com\\\/profile.php?id=61552754066692&locale=hu_HU\"]},{\"@type\":\"Person\",\"@id\":\"https:\\\/\\\/repaircafebudapest.hu\\\/#\\\/schema\\\/person\\\/ae0662ecc97cf2fe1fc2ee119636123a\",\"name\":\"admin\",\"image\":{\"@type\":\"ImageObject\",\"inLanguage\":\"en-GB\",\"@id\":\"https:\\\/\\\/secure.gravatar.com\\\/avatar\\\/17fda74479261581db21ac9276619b3b44ce9370ef39c2319fa371f0d034ec97?s=96&d=mm&r=g\",\"url\":\"https:\\\/\\\/secure.gravatar.com\\\/avatar\\\/17fda74479261581db21ac9276619b3b44ce9370ef39c2319fa371f0d034ec97?s=96&d=mm&r=g\",\"contentUrl\":\"https:\\\/\\\/secure.gravatar.com\\\/avatar\\\/17fda74479261581db21ac9276619b3b44ce9370ef39c2319fa371f0d034ec97?s=96&d=mm&r=g\",\"caption\":\"admin\"},\"sameAs\":[\"https:\\\/\\\/repaircafebudapest.hu\"],\"url\":\"https:\\\/\\\/repaircafebudapest.hu\\\/en\\\/author\\\/admin\\\/\"}]}<\/script>\n<!-- \/ Yoast SEO Premium plugin. -->","yoast_head_json":{"title":"R\u00e9szt vett\u00fcnk a Fenntarthat\u00f3 V\u00e1rosok Akad\u00e9mi\u00e1j\u00e1n - Repair Cafe Budapest","robots":{"index":"index","follow":"follow","max-snippet":"max-snippet:-1","max-image-preview":"max-image-preview:large","max-video-preview":"max-video-preview:-1"},"canonical":"https:\/\/repaircafebudapest.hu\/en\/reszt-vettunk-a-fenntarthato-varosok-akademiajan\/","og_locale":"en_GB","og_type":"article","og_title":"R\u00e9szt vett\u00fcnk a Fenntarthat\u00f3 V\u00e1rosok Akad\u00e9mi\u00e1j\u00e1n","og_description":"2025 febru\u00e1r 22-\u00e9n a Repair Caf\u00e9 Budapest is r\u00e9szt vett a Fenntarthat\u00f3 V\u00e1rosok Akad\u00e9mia egyik kiemelt esem\u00e9ny\u00e9n. A Fenntarthat\u00f3 V\u00e1rosok Akad\u00e9mia egy egyed\u00fcl\u00e1ll\u00f3 k\u00e9pz\u00e9s, amely a telep\u00fcl\u00e9si fenntarthat\u00f3s\u00e1g k\u00fcl\u00f6nb\u00f6z\u0151 aspektusait mutatja be, \u00e9s gyakorlati tud\u00e1st ad \u00e1t az \u00e9rdekl\u0151d\u0151knek. Az \u00d3budai Egyetemmel egy\u00fcttm\u0171k\u00f6d\u00e9sben megval\u00f3sul\u00f3 program c\u00e9lja, hogy a r\u00e9sztvev\u0151k integr\u00e1lt szeml\u00e9letet saj\u00e1t\u00edtsanak el a v\u00e1rosfejleszt\u00e9s [&hellip;]","og_url":"https:\/\/repaircafebudapest.hu\/en\/reszt-vettunk-a-fenntarthato-varosok-akademiajan\/","og_site_name":"Repair Cafe Budapest","article_publisher":"https:\/\/www.facebook.com\/profile.php?id=61552754066692&locale=hu_HU","article_published_time":"2025-03-17T20:37:49+00:00","article_modified_time":"2026-01-13T07:47:36+00:00","og_image":[{"width":2560,"height":1707,"url":"https:\/\/repaircafebudapest.hu\/wp-content\/uploads\/2025\/03\/4KMS_FV_AKADEMIA_250323_04-1-1-scaled.webp","type":"image\/webp"}],"author":"admin","twitter_card":"summary_large_image","twitter_misc":{"Written by":"admin","Estimated reading time":"1 minute"},"schema":{"@context":"https:\/\/schema.org","@graph":[{"@type":"Article","@id":"https:\/\/repaircafebudapest.hu\/reszt-vettunk-a-fenntarthato-varosok-akademiajan\/#article","isPartOf":{"@id":"https:\/\/repaircafebudapest.hu\/reszt-vettunk-a-fenntarthato-varosok-akademiajan\/"},"author":{"name":"admin","@id":"https:\/\/repaircafebudapest.hu\/#\/schema\/person\/ae0662ecc97cf2fe1fc2ee119636123a"},"headline":"R\u00e9szt vett\u00fcnk a Fenntarthat\u00f3 V\u00e1rosok Akad\u00e9mi\u00e1j\u00e1n","datePublished":"2025-03-17T20:37:49+00:00","dateModified":"2026-01-13T07:47:36+00:00","mainEntityOfPage":{"@id":"https:\/\/repaircafebudapest.hu\/reszt-vettunk-a-fenntarthato-varosok-akademiajan\/"},"wordCount":227,"publisher":{"@id":"https:\/\/repaircafebudapest.hu\/#organization"},"image":{"@id":"https:\/\/repaircafebudapest.hu\/reszt-vettunk-a-fenntarthato-varosok-akademiajan\/#primaryimage"},"thumbnailUrl":"https:\/\/repaircafebudapest.hu\/wp-content\/uploads\/2025\/03\/4KMS_FV_AKADEMIA_250323_04-1-1-scaled.webp","keywords":["Fenntarthat\u00f3 V\u00e1rosok Akad\u00e9mia"],"articleSection":["Esem\u00e9ny"],"inLanguage":"en-GB"},{"@type":"WebPage","@id":"https:\/\/repaircafebudapest.hu\/reszt-vettunk-a-fenntarthato-varosok-akademiajan\/","url":"https:\/\/repaircafebudapest.hu\/reszt-vettunk-a-fenntarthato-varosok-akademiajan\/","name":"R\u00e9szt vett\u00fcnk a Fenntarthat\u00f3 V\u00e1rosok Akad\u00e9mi\u00e1j\u00e1n - Repair Cafe Budapest","isPartOf":{"@id":"https:\/\/repaircafebudapest.hu\/#website"},"primaryImageOfPage":{"@id":"https:\/\/repaircafebudapest.hu\/reszt-vettunk-a-fenntarthato-varosok-akademiajan\/#primaryimage"},"image":{"@id":"https:\/\/repaircafebudapest.hu\/reszt-vettunk-a-fenntarthato-varosok-akademiajan\/#primaryimage"},"thumbnailUrl":"https:\/\/repaircafebudapest.hu\/wp-content\/uploads\/2025\/03\/4KMS_FV_AKADEMIA_250323_04-1-1-scaled.webp","datePublished":"2025-03-17T20:37:49+00:00","dateModified":"2026-01-13T07:47:36+00:00","breadcrumb":{"@id":"https:\/\/repaircafebudapest.hu\/reszt-vettunk-a-fenntarthato-varosok-akademiajan\/#breadcrumb"},"inLanguage":"en-GB","potentialAction":[{"@type":"ReadAction","target":["https:\/\/repaircafebudapest.hu\/reszt-vettunk-a-fenntarthato-varosok-akademiajan\/"]}]},{"@type":"ImageObject","inLanguage":"en-GB","@id":"https:\/\/repaircafebudapest.hu\/reszt-vettunk-a-fenntarthato-varosok-akademiajan\/#primaryimage","url":"https:\/\/repaircafebudapest.hu\/wp-content\/uploads\/2025\/03\/4KMS_FV_AKADEMIA_250323_04-1-1-scaled.webp","contentUrl":"https:\/\/repaircafebudapest.hu\/wp-content\/uploads\/2025\/03\/4KMS_FV_AKADEMIA_250323_04-1-1-scaled.webp","width":2560,"height":1707,"caption":"Repaircafe a Fenntarthat\u00f3 V\u00e1rosok Akad\u00e9mi\u00e1j\u00e1n"},{"@type":"BreadcrumbList","@id":"https:\/\/repaircafebudapest.hu\/reszt-vettunk-a-fenntarthato-varosok-akademiajan\/#breadcrumb","itemListElement":[{"@type":"ListItem","position":1,"name":"Kezd\u0151lap","item":"https:\/\/repaircafebudapest.hu\/"},{"@type":"ListItem","position":2,"name":"R\u00e9szt vett\u00fcnk a Fenntarthat\u00f3 V\u00e1rosok Akad\u00e9mi\u00e1j\u00e1n"}]},{"@type":"WebSite","@id":"https:\/\/repaircafebudapest.hu\/#website","url":"https:\/\/repaircafebudapest.hu\/","name":"Repair Cafe Budapest","description":"Repair Cafe Budapest","publisher":{"@id":"https:\/\/repaircafebudapest.hu\/#organization"},"potentialAction":[{"@type":"SearchAction","target":{"@type":"EntryPoint","urlTemplate":"https:\/\/repaircafebudapest.hu\/?s={search_term_string}"},"query-input":{"@type":"PropertyValueSpecification","valueRequired":true,"valueName":"search_term_string"}}],"inLanguage":"en-GB"},{"@type":"Organization","@id":"https:\/\/repaircafebudapest.hu\/#organization","name":"Repair Cafe Budapest","url":"https:\/\/repaircafebudapest.hu\/","logo":{"@type":"ImageObject","inLanguage":"en-GB","@id":"https:\/\/repaircafebudapest.hu\/#\/schema\/logo\/image\/","url":"https:\/\/repaircafebudapest.hu\/wp-content\/uploads\/2023\/11\/rcb-logo.webp","contentUrl":"https:\/\/repaircafebudapest.hu\/wp-content\/uploads\/2023\/11\/rcb-logo.webp","width":2298,"height":1000,"caption":"Repair Cafe Budapest"},"image":{"@id":"https:\/\/repaircafebudapest.hu\/#\/schema\/logo\/image\/"},"sameAs":["https:\/\/www.facebook.com\/profile.php?id=61552754066692&locale=hu_HU"]},{"@type":"Person","@id":"https:\/\/repaircafebudapest.hu\/#\/schema\/person\/ae0662ecc97cf2fe1fc2ee119636123a","name":"admin","image":{"@type":"ImageObject","inLanguage":"en-GB","@id":"https:\/\/secure.gravatar.com\/avatar\/17fda74479261581db21ac9276619b3b44ce9370ef39c2319fa371f0d034ec97?s=96&d=mm&r=g","url":"https:\/\/secure.gravatar.com\/avatar\/17fda74479261581db21ac9276619b3b44ce9370ef39c2319fa371f0d034ec97?s=96&d=mm&r=g","contentUrl":"https:\/\/secure.gravatar.com\/avatar\/17fda74479261581db21ac9276619b3b44ce9370ef39c2319fa371f0d034ec97?s=96&d=mm&r=g","caption":"admin"},"sameAs":["https:\/\/repaircafebudapest.hu"],"url":"https:\/\/repaircafebudapest.hu\/en\/author\/admin\/"}]}},"_links":{"self":[{"href":"https:\/\/repaircafebudapest.hu\/en\/wp-json\/wp\/v2\/posts\/1090","targetHints":{"allow":["GET"]}}],"collection":[{"href":"https:\/\/repaircafebudapest.hu\/en\/wp-json\/wp\/v2\/posts"}],"about":[{"href":"https:\/\/repaircafebudapest.hu\/en\/wp-json\/wp\/v2\/types\/post"}],"author":[{"embeddable":true,"href":"https:\/\/repaircafebudapest.hu\/en\/wp-json\/wp\/v2\/users\/1"}],"replies":[{"embeddable":true,"href":"https:\/\/repaircafebudapest.hu\/en\/wp-json\/wp\/v2\/comments?post=1090"}],"version-history":[{"count":3,"href":"https:\/\/repaircafebudapest.hu\/en\/wp-json\/wp\/v2\/posts\/1090\/revisions"}],"predecessor-version":[{"id":1096,"href":"https:\/\/repaircafebudapest.hu\/en\/wp-json\/wp\/v2\/posts\/1090\/revisions\/1096"}],"wp:featuredmedia":[{"embeddable":true,"href":"https:\/\/repaircafebudapest.hu\/en\/wp-json\/wp\/v2\/media\/1094"}],"wp:attachment":[{"href":"https:\/\/repaircafebudapest.hu\/en\/wp-json\/wp\/v2\/media?parent=1090"}],"wp:term":[{"taxonomy":"category","embeddable":true,"href":"https:\/\/repaircafebudapest.hu\/en\/wp-json\/wp\/v2\/categories?post=1090"},{"taxonomy":"post_tag","embeddable":true,"href":"https:\/\/repaircafebudapest.hu\/en\/wp-json\/wp\/v2\/tags?post=1090"}],"curies":[{"name":"wp","href":"https:\/\/api.w.org\/{rel}","templated":true}]}}